{"id":95241,"date":"2023-03-07T20:27:46","date_gmt":"2023-03-07T19:27:46","guid":{"rendered":"https:\/\/rna.ao\/rna.ao\/?p=95241"},"modified":"2023-03-07T20:27:46","modified_gmt":"2023-03-07T19:27:46","slug":"agt-cria-armazens-aduaneiros-fronteiricos","status":"publish","type":"post","link":"https:\/\/rna.ao\/rna.ao\/2023\/03\/07\/agt-cria-armazens-aduaneiros-fronteiricos\/","title":{"rendered":"AGT cria armaz\u00e9ns aduaneiros fronteiri\u00e7os"},"content":{"rendered":"<p><img loading=\"lazy\" class=\"alignnone size-medium wp-image-95242\" src=\"https:\/\/rna.ao\/rna.ao\/wp-content\/uploads\/2023\/03\/A0315A0A-E866-4651-9495-B6DD5A879A8B-770x495.jpeg\" alt=\"\" width=\"770\" height=\"495\" srcset=\"https:\/\/rna.ao\/rna.ao\/wp-content\/uploads\/2023\/03\/A0315A0A-E866-4651-9495-B6DD5A879A8B-770x495.jpeg 770w, https:\/\/rna.ao\/rna.ao\/wp-content\/uploads\/2023\/03\/A0315A0A-E866-4651-9495-B6DD5A879A8B-1170x752.jpeg 1170w, https:\/\/rna.ao\/rna.ao\/wp-content\/uploads\/2023\/03\/A0315A0A-E866-4651-9495-B6DD5A879A8B-768x494.jpeg 768w, https:\/\/rna.ao\/rna.ao\/wp-content\/uploads\/2023\/03\/A0315A0A-E866-4651-9495-B6DD5A879A8B-1536x988.jpeg 1536w, https:\/\/rna.ao\/rna.ao\/wp-content\/uploads\/2023\/03\/A0315A0A-E866-4651-9495-B6DD5A879A8B.jpeg 1843w\" sizes=\"(max-width: 770px) 100vw, 770px\" \/>A Administra\u00e7\u00e3o Geral Tribut\u00e1ria (AGT) est\u00e1 a criar armaz\u00e9ns aduaneiros da zona de com\u00e9rcio fronteiri\u00e7o, para o dep\u00f3sito de mercadorias cativas de direitos e demais imposi\u00e7\u00f5es aduaneiras.<\/p>\n<p>A medida, de acordo com o director nacional dos Servi\u00e7os das Alfandegas, Jer\u00f3nimo Cambalanganja, \u00e9 fundamental para a busca da promo\u00e7\u00e3o das exporta\u00e7\u00f5es l\u00edcitas e a facilita\u00e7\u00e3o do com\u00e9rcio.<\/p>\n<p>Segundo o respons\u00e1vel, os armaz\u00e9ns aduaneiros v\u00e3o garantir o controlo e simplifica\u00e7\u00e3o de procedimentos ao longo das fronteiras. Os empreendimentos integrar\u00e3o v\u00e1rios servi\u00e7os.<\/p>\n<p>A iniciativa prev\u00ea simplificar os processos e vai tamb\u00e9m permitir que a AGT tenha melhor controlo das mercadorias em tr\u00e2nsito ou suspensa, em que o contribuinte tenha dificuldades de encontrar um local seguro para tramitar a mesma.<\/p>\n<p>De acordo com Jer\u00f3nimo Cambalanganja,neste momento, o primeiro armaz\u00e9m aduaneiro, j\u00e1 em fase avan\u00e7ada, est\u00e1 a ser erguido na prov\u00edncia do Zaire, no posto fronteiri\u00e7o do Luvo.<\/p>\n<p>Os trabalhos decorrem em parceria com a ARCCLA- Ag\u00eancia Reguladora de Certifica\u00e7\u00e3o de Carga e Log\u00edstica de Angola, que est\u00e1 a integrar as plataformas log\u00edsticas no mesmos locais dos armaz\u00e9ns, para se evitar dispers\u00e3o de recursos pelo Estado angolano.<\/p>\n","protected":false},"excerpt":{"rendered":"<p>A Administra\u00e7\u00e3o Geral Tribut\u00e1ria (AGT) est\u00e1 a criar armaz\u00e9ns aduaneiros da zona de com\u00e9rcio fronteiri\u00e7o, para o dep\u00f3sito de mercadorias cativas de direitos e demais imposi\u00e7\u00f5es aduaneiras. A medida, de acordo com o director nacional dos Servi\u00e7os das Alfandegas, Jer\u00f3nimo Cambalanganja, \u00e9 fundamental para a busca da promo\u00e7\u00e3o das exporta\u00e7\u00f5es ...<\/p>\n","protected":false},"author":8,"featured_media":95243,"comment_status":"closed","ping_status":"closed","sticky":false,"template":"","format":"standard","meta":[],"categories":[164,163],"tags":[],"_links":{"self":[{"href":"https:\/\/rna.ao\/rna.ao\/wp-json\/wp\/v2\/posts\/95241"}],"collection":[{"href":"https:\/\/rna.ao\/rna.ao\/wp-json\/wp\/v2\/posts"}],"about":[{"href":"https:\/\/rna.ao\/rna.ao\/wp-json\/wp\/v2\/types\/post"}],"author":[{"embeddable":true,"href":"https:\/\/rna.ao\/rna.ao\/wp-json\/wp\/v2\/users\/8"}],"replies":[{"embeddable":true,"href":"https:\/\/rna.ao\/rna.ao\/wp-json\/wp\/v2\/comments?post=95241"}],"version-history":[{"count":1,"href":"https:\/\/rna.ao\/rna.ao\/wp-json\/wp\/v2\/posts\/95241\/revisions"}],"predecessor-version":[{"id":95244,"href":"https:\/\/rna.ao\/rna.ao\/wp-json\/wp\/v2\/posts\/95241\/revisions\/95244"}],"wp:featuredmedia":[{"embeddable":true,"href":"https:\/\/rna.ao\/rna.ao\/wp-json\/wp\/v2\/media\/95243"}],"wp:attachment":[{"href":"https:\/\/rna.ao\/rna.ao\/wp-json\/wp\/v2\/media?parent=95241"}],"wp:term":[{"taxonomy":"category","embeddable":true,"href":"https:\/\/rna.ao\/rna.ao\/wp-json\/wp\/v2\/categories?post=95241"},{"taxonomy":"post_tag","embeddable":true,"href":"https:\/\/rna.ao\/rna.ao\/wp-json\/wp\/v2\/tags?post=95241"}],"curies":[{"name":"wp","href":"https:\/\/api.w.org\/{rel}","templated":true}]}}