{"id":95233,"date":"2023-03-07T19:59:28","date_gmt":"2023-03-07T18:59:28","guid":{"rendered":"https:\/\/rna.ao\/rna.ao\/?p=95233"},"modified":"2023-03-07T19:59:28","modified_gmt":"2023-03-07T18:59:28","slug":"unicef-pede-ajuda-internacional-para-combater-colera-no-malawi","status":"publish","type":"post","link":"https:\/\/rna.ao\/rna.ao\/2023\/03\/07\/unicef-pede-ajuda-internacional-para-combater-colera-no-malawi\/","title":{"rendered":"UNICEF pede ajuda internacional para combater c\u00f3lera no Malawi"},"content":{"rendered":"<p><img loading=\"lazy\" class=\"alignnone size-full wp-image-95234\" src=\"https:\/\/rna.ao\/rna.ao\/wp-content\/uploads\/2023\/03\/097B5974-B2CA-4091-BFA4-A6BC79FAF04B.jpeg\" alt=\"\" width=\"570\" height=\"380\" \/><\/p>\n<p>A Unicef alertou hoje que a epidemia de c\u00f3lera sem precedentes que afecta o Malawi est\u00e1 a colocar em risco especialmente as crian\u00e7as subnutridas e apela a doa\u00e7\u00f5es da comunidade internacional para combater a doen\u00e7a.<\/p>\n<p>Segundo udolf Schwenk, representante da Unicef (Fundo das Na\u00e7\u00f5es Unidas para a Inf\u00e2ncia) no Malawi, cerca de 4,8 milh\u00f5es de crian\u00e7as no Malawi, ou seja, uma em cada duas, precisam de assist\u00eancia humanit\u00e1ria.<\/p>\n<p>Indicou que s\u00f3 at\u00e9 ao final de Mar\u00e7o, mais de 213 mil crian\u00e7as menores de 5 anos dever\u00e3o agravar a sua desnutri\u00e7\u00e3o e mais de 62 mil sofrer\u00e3o de um estado de desnutri\u00e7\u00e3o mais grave.<\/p>\n<p>&#8220;Como uma crian\u00e7a gravemente desnutrida tem 11 vezes mais hip\u00f3teses de morrer de c\u00f3lera do que uma crian\u00e7a bem nutrida, um surto de c\u00f3lera pode ser uma senten\u00e7a de morte para milhares delas no Malawi&#8221;, afirmou aquele respons\u00e1vel aos jornalistas, numa confer\u00eancia de imprensa on-line a partir de Genebra.<\/p>\n<p>O actual surto de c\u00f3lera, o mais mortal registado no Malawi, j\u00e1 matou mais de 1.500 pessoas, incluindo 197 crian\u00e7as, desde Mar\u00e7o de 2022 e mais de 50 mil pessoas, incluindo mais de 12 mil crian\u00e7as, foram afectadas, de acordo com os \u00faltimos n\u00fameros dispon\u00edveis, a 2 de Mar\u00e7o.<\/p>\n<p>A c\u00f3lera j\u00e1 se espalhou por todos os 29 distritos do pa\u00eds.<\/p>\n<p>O surto foi declarado uma emerg\u00eancia de sa\u00fade p\u00fablica pelo governo do Malawi em 5 de Dezembro.<\/p>\n<p>A Organiza\u00e7\u00e3o Mundial da Sa\u00fade (OMS) est\u00e1 a ajudar as autoridades, em particular fornecendo kits de tratamento e aumentando as capacidades de teste.<\/p>\n<p>A Unicef, que forneceu medicamentos, \u00e1gua pot\u00e1vel e informa\u00e7\u00f5es sobre preven\u00e7\u00e3o e tratamento da c\u00f3lera, enfrenta agora falta de financiamento e equipamento e est\u00e1 a pedir uma ajuda de 52,4 milh\u00f5es de d\u00f3lares.<\/p>\n<p>&#8220;Para evitar novos surtos de c\u00f3lera, devemos apoiar o pa\u00eds com investimentos significativos em infra-estruturas de sa\u00fade, \u00e1gua e saneamento&#8221;, frisou Schwenk.<\/p>\n<p>A c\u00f3lera \u00e9 contra\u00edda pela ingest\u00e3o de \u00e1gua ou alimentos contaminados com bact\u00e9rias.<\/p>\n<p>Geralmente causa diarreia e v\u00f3mitos e pode ser muito perigosa para crian\u00e7as pequenas.<\/p>\n<p>Desde o in\u00edcio da epidemia, o Malawi realizou duas grandes campanhas de vacina\u00e7\u00e3o, mas devido \u00e0 escassez de recursos, o pa\u00eds s\u00f3 conseguiu oferecer uma das duas doses da vacina oral geralmente recomendadas contra a c\u00f3lera.<\/p>\n","protected":false},"excerpt":{"rendered":"<p>A Unicef alertou hoje que a epidemia de c\u00f3lera sem precedentes que afecta o Malawi est\u00e1 a colocar em risco especialmente as crian\u00e7as subnutridas e apela a doa\u00e7\u00f5es da comunidade internacional para combater a doen\u00e7a. Segundo udolf Schwenk, representante da Unicef (Fundo das Na\u00e7\u00f5es Unidas para a Inf\u00e2ncia) no Malawi, ...<\/p>\n","protected":false},"author":10,"featured_media":95234,"comment_status":"closed","ping_status":"closed","sticky":false,"template":"","format":"standard","meta":[],"categories":[142,121,163],"tags":[],"_links":{"self":[{"href":"https:\/\/rna.ao\/rna.ao\/wp-json\/wp\/v2\/posts\/95233"}],"collection":[{"href":"https:\/\/rna.ao\/rna.ao\/wp-json\/wp\/v2\/posts"}],"about":[{"href":"https:\/\/rna.ao\/rna.ao\/wp-json\/wp\/v2\/types\/post"}],"author":[{"embeddable":true,"href":"https:\/\/rna.ao\/rna.ao\/wp-json\/wp\/v2\/users\/10"}],"replies":[{"embeddable":true,"href":"https:\/\/rna.ao\/rna.ao\/wp-json\/wp\/v2\/comments?post=95233"}],"version-history":[{"count":1,"href":"https:\/\/rna.ao\/rna.ao\/wp-json\/wp\/v2\/posts\/95233\/revisions"}],"predecessor-version":[{"id":95235,"href":"https:\/\/rna.ao\/rna.ao\/wp-json\/wp\/v2\/posts\/95233\/revisions\/95235"}],"wp:featuredmedia":[{"embeddable":true,"href":"https:\/\/rna.ao\/rna.ao\/wp-json\/wp\/v2\/media\/95234"}],"wp:attachment":[{"href":"https:\/\/rna.ao\/rna.ao\/wp-json\/wp\/v2\/media?parent=95233"}],"wp:term":[{"taxonomy":"category","embeddable":true,"href":"https:\/\/rna.ao\/rna.ao\/wp-json\/wp\/v2\/categories?post=95233"},{"taxonomy":"post_tag","embeddable":true,"href":"https:\/\/rna.ao\/rna.ao\/wp-json\/wp\/v2\/tags?post=95233"}],"curies":[{"name":"wp","href":"https:\/\/api.w.org\/{rel}","templated":true}]}}