{"id":95228,"date":"2023-03-07T19:44:15","date_gmt":"2023-03-07T18:44:15","guid":{"rendered":"https:\/\/rna.ao\/rna.ao\/?p=95228"},"modified":"2023-03-07T19:46:07","modified_gmt":"2023-03-07T18:46:07","slug":"enviados-de-joao-lourenco-em-kinshasa-para-encontro-com-presidente-da-rdc","status":"publish","type":"post","link":"https:\/\/rna.ao\/rna.ao\/2023\/03\/07\/enviados-de-joao-lourenco-em-kinshasa-para-encontro-com-presidente-da-rdc\/","title":{"rendered":"Enviados de Jo\u00e3o Louren\u00e7o em  Kinshasa para encontro com presidente da RDC"},"content":{"rendered":"<p><img loading=\"lazy\" class=\"alignnone size-medium wp-image-95229\" src=\"https:\/\/rna.ao\/rna.ao\/wp-content\/uploads\/2023\/03\/E42E76D0-9278-454D-B3D7-7DCB0046803D-770x649.jpeg\" alt=\"\" width=\"770\" height=\"649\" srcset=\"https:\/\/rna.ao\/rna.ao\/wp-content\/uploads\/2023\/03\/E42E76D0-9278-454D-B3D7-7DCB0046803D-770x649.jpeg 770w, https:\/\/rna.ao\/rna.ao\/wp-content\/uploads\/2023\/03\/E42E76D0-9278-454D-B3D7-7DCB0046803D-768x647.jpeg 768w, https:\/\/rna.ao\/rna.ao\/wp-content\/uploads\/2023\/03\/E42E76D0-9278-454D-B3D7-7DCB0046803D.jpeg 1079w\" sizes=\"(max-width: 770px) 100vw, 770px\" \/><\/p>\n<p>Paz na Rep\u00fablica Democr\u00e1tica do Congo.<\/p>\n<p>O Presidente da Rep\u00fablica enviou hoje a Kinshasa o Ministro de Estado e Chefe da Casa Militar do Presidente, Francisco Pereira Furtado, e o Ministro das Rela\u00e7\u00f5es Exteriores, T\u00e9te Ant\u00f3nio.<\/p>\n<p>Os enviados de Jo\u00e3o Louren\u00e7o t\u00eam previsto um encontro com o Presidente F\u00e9lix Antoine Tshisekedi Tshilombo, no quadro do processo de paz no Leste da RDC.<\/p>\n<p>A informa\u00e7\u00e3o foi publicada na p\u00e1gina da Presid\u00eancia da Rep\u00fablica no Facebook.<\/p>\n","protected":false},"excerpt":{"rendered":"<p>Paz na Rep\u00fablica Democr\u00e1tica do Congo. O Presidente da Rep\u00fablica enviou hoje a Kinshasa o Ministro de Estado e Chefe da Casa Militar do Presidente, Francisco Pereira Furtado, e o Ministro das Rela\u00e7\u00f5es Exteriores, T\u00e9te Ant\u00f3nio. Os enviados de Jo\u00e3o Louren\u00e7o t\u00eam previsto um encontro com o Presidente F\u00e9lix Antoine ...<\/p>\n","protected":false},"author":10,"featured_media":95229,"comment_status":"closed","ping_status":"closed","sticky":false,"template":"","format":"standard","meta":[],"categories":[142,121,163],"tags":[],"_links":{"self":[{"href":"https:\/\/rna.ao\/rna.ao\/wp-json\/wp\/v2\/posts\/95228"}],"collection":[{"href":"https:\/\/rna.ao\/rna.ao\/wp-json\/wp\/v2\/posts"}],"about":[{"href":"https:\/\/rna.ao\/rna.ao\/wp-json\/wp\/v2\/types\/post"}],"author":[{"embeddable":true,"href":"https:\/\/rna.ao\/rna.ao\/wp-json\/wp\/v2\/users\/10"}],"replies":[{"embeddable":true,"href":"https:\/\/rna.ao\/rna.ao\/wp-json\/wp\/v2\/comments?post=95228"}],"version-history":[{"count":3,"href":"https:\/\/rna.ao\/rna.ao\/wp-json\/wp\/v2\/posts\/95228\/revisions"}],"predecessor-version":[{"id":95232,"href":"https:\/\/rna.ao\/rna.ao\/wp-json\/wp\/v2\/posts\/95228\/revisions\/95232"}],"wp:featuredmedia":[{"embeddable":true,"href":"https:\/\/rna.ao\/rna.ao\/wp-json\/wp\/v2\/media\/95229"}],"wp:attachment":[{"href":"https:\/\/rna.ao\/rna.ao\/wp-json\/wp\/v2\/media?parent=95228"}],"wp:term":[{"taxonomy":"category","embeddable":true,"href":"https:\/\/rna.ao\/rna.ao\/wp-json\/wp\/v2\/categories?post=95228"},{"taxonomy":"post_tag","embeddable":true,"href":"https:\/\/rna.ao\/rna.ao\/wp-json\/wp\/v2\/tags?post=95228"}],"curies":[{"name":"wp","href":"https:\/\/api.w.org\/{rel}","templated":true}]}}