{"id":9522,"date":"2020-10-25T07:28:42","date_gmt":"2020-10-25T06:28:42","guid":{"rendered":"https:\/\/rna.ao\/rna.ao\/?p=9522"},"modified":"2020-10-25T07:28:42","modified_gmt":"2020-10-25T06:28:42","slug":"centro-de-diagnostico-laboratorial-inaugurado-no-uige","status":"publish","type":"post","link":"https:\/\/rna.ao\/rna.ao\/2020\/10\/25\/centro-de-diagnostico-laboratorial-inaugurado-no-uige\/","title":{"rendered":"Centro de Diagn\u00f3stico Laboratorial inaugurado no U\u00edge"},"content":{"rendered":"<p><img loading=\"lazy\" class=\"wp-image-7261 alignleft\" src=\"https:\/\/rna.ao\/rna.ao\/wp-content\/uploads\/2020\/10\/laboratorios.jpg\" alt=\"\" width=\"201\" height=\"154\" \/>Um Laborat\u00f3rio para processar a partir de agora duas mil amostras de Covid-19, por dia foi inaugurado s\u00e1bado, 24\/10, pela titular da pasta da sa\u00fade, reportou a RNA. O designado Centro de Diagn\u00f3stico Laboratorial vai, igualmente, prestar assist\u00eancia laboratorial aos pacientes de Malange, Kwanza-Norte e Zaire. Clique na pe\u00e7a de Reportagem em baixo:<\/p>\n\t<div class=\"qtmplayer-playlist-large\">\n\t\t<ul class=\"qtmplayer-playlist\">\n\t\t\t\n\t\t\t\t\t<li class=\"qtmplayer-trackitem\">\n\t\t<img src=\"https:\/\/rna.ao\/rna.ao\/wp-content\/uploads\/2020\/10\/laboratorios-100x100.jpg\" alt=\"cover\">\t\t<span \t\t\tdata-qtmplayer-cover=\"https:\/\/rna.ao\/rna.ao\/wp-content\/uploads\/2020\/10\/laboratorios.jpg\"\n\t\t\t\t\t\tdata-qtmplayer-file=\"https:\/\/rna.ao\/rna.ao\/wp-content\/uploads\/2020\/10\/UIGE-LABORATORIO-COVID-19-20-HRS.mp3\"\n\t\t\t\t\t\tdata-qtmplayer-title=\"Centro de Diagn\u00f3stico Laboratorial inaugurado no U\u00edge\"\n\t\t\t\t\t\tdata-qtmplayer-artist=\"RNA\"\n\t\t\t\t\t\tdata-qtmplayer-link=\"https:\/\/rna.ao\/rna.ao\/2020\/10\/25\/centro-de-diagnostico-laboratorial-inaugurado-no-uige\/\"\n\t\t\t\t\t\tdata-qtmplayer-icon=\"file_download\"\n\t\t\t\t\t\tdata-qtmplayer-type=\"track\"\n\t\t\t class=\"qtmplayer-play qtmplayer-link-sec qtmplayer-play-btn\"><i class='material-icons'>play_arrow<\/i><\/span>\n\t\t<p>\n\t\t\t<span class=\"qtmplayer-tit\">Centro de Diagn\u00f3stico Laboratorial inaugurado no U\u00edge<\/span>\n\t\t\t<span class=\"qtmplayer-art\">RNA<\/span>\n\t\t<\/p>\n\t<\/li>\n\t\t<\/ul>\n\t<\/div>\t\t\t\n\t\n<p>&nbsp;<\/p>\n","protected":false},"excerpt":{"rendered":"<p>Um Laborat\u00f3rio para processar a partir de agora duas mil amostras de Covid-19, por dia foi inaugurado s\u00e1bado, 24\/10, pela titular da pasta da sa\u00fade, reportou a RNA. O designado Centro de Diagn\u00f3stico Laboratorial vai, igualmente, prestar assist\u00eancia laboratorial aos pacientes de Malange, Kwanza-Norte e Zaire. Clique na pe\u00e7a de ...<\/p>\n","protected":false},"author":8,"featured_media":7261,"comment_status":"closed","ping_status":"closed","sticky":false,"template":"","format":"standard","meta":[],"categories":[163],"tags":[],"_links":{"self":[{"href":"https:\/\/rna.ao\/rna.ao\/wp-json\/wp\/v2\/posts\/9522"}],"collection":[{"href":"https:\/\/rna.ao\/rna.ao\/wp-json\/wp\/v2\/posts"}],"about":[{"href":"https:\/\/rna.ao\/rna.ao\/wp-json\/wp\/v2\/types\/post"}],"author":[{"embeddable":true,"href":"https:\/\/rna.ao\/rna.ao\/wp-json\/wp\/v2\/users\/8"}],"replies":[{"embeddable":true,"href":"https:\/\/rna.ao\/rna.ao\/wp-json\/wp\/v2\/comments?post=9522"}],"version-history":[{"count":1,"href":"https:\/\/rna.ao\/rna.ao\/wp-json\/wp\/v2\/posts\/9522\/revisions"}],"predecessor-version":[{"id":9524,"href":"https:\/\/rna.ao\/rna.ao\/wp-json\/wp\/v2\/posts\/9522\/revisions\/9524"}],"wp:featuredmedia":[{"embeddable":true,"href":"https:\/\/rna.ao\/rna.ao\/wp-json\/wp\/v2\/media\/7261"}],"wp:attachment":[{"href":"https:\/\/rna.ao\/rna.ao\/wp-json\/wp\/v2\/media?parent=9522"}],"wp:term":[{"taxonomy":"category","embeddable":true,"href":"https:\/\/rna.ao\/rna.ao\/wp-json\/wp\/v2\/categories?post=9522"},{"taxonomy":"post_tag","embeddable":true,"href":"https:\/\/rna.ao\/rna.ao\/wp-json\/wp\/v2\/tags?post=9522"}],"curies":[{"name":"wp","href":"https:\/\/api.w.org\/{rel}","templated":true}]}}