{"id":95216,"date":"2023-03-07T14:37:09","date_gmt":"2023-03-07T13:37:09","guid":{"rendered":"https:\/\/rna.ao\/rna.ao\/?p=95216"},"modified":"2023-03-07T14:37:09","modified_gmt":"2023-03-07T13:37:09","slug":"presidente-da-republica-movimenta-embaixadores","status":"publish","type":"post","link":"https:\/\/rna.ao\/rna.ao\/2023\/03\/07\/presidente-da-republica-movimenta-embaixadores\/","title":{"rendered":"Presidente da Rep\u00fablica movimenta Embaixadores"},"content":{"rendered":"<p><img loading=\"lazy\" class=\"size-full wp-image-88250 aligncenter\" src=\"https:\/\/rna.ao\/rna.ao\/wp-content\/uploads\/2023\/01\/PR-Despacho.jpg\" alt=\"\" width=\"640\" height=\"427\" \/>O Presidente da Rep\u00fablica, nos termos da Constitui\u00e7\u00e3o e por conveni\u00eancia de servi\u00e7o, assinou hoje um decreto a exonerar as seguintes entidades dos cargos que exerciam:<\/p>\n<p>1. Albino Malungo, Embaixador Extraordin\u00e1rio e Plenipotenci\u00e1rio da Rep\u00fablica de Angola acreditado nos Emirados \u00c1rabes Unidos.<\/p>\n<p>2. Ant\u00f3nio Manuel Luvualu de Carvalho, Embaixador Extraordin\u00e1rio e Plenipotenci\u00e1rio da Rep\u00fablica de Angola acreditado na Rep\u00fablica da Guin\u00e9 Equatorial.<\/p>\n<p>3. Apolin\u00e1rio Jorge Correia, Embaixador Extraordin\u00e1rio e Plenipotenci\u00e1rio da Rep\u00fablica de Angola acreditado no Reino da Su\u00e9cia.<\/p>\n<p>4. Carlos Alberto Saraiva de Carvalho Fonseca, Embaixador Extraordin\u00e1rio e Plenipotenci\u00e1rio da Rep\u00fablica de Angola acreditado na Rep\u00fablica Portuguesa;<\/p>\n<p>5. Cec\u00edlia Caldeira da Concei\u00e7\u00e3o Ros\u00e1rio, Embaixadora Extraordin\u00e1ria e Plenipotenci\u00e1ria da Rep\u00fablica de Angola acreditada na Confedera\u00e7\u00e3o Su\u00ed\u00e7a;<\/p>\n<p>6. Eust\u00e1quio Janu\u00e1rio Quibato, Embaixador Extraordin\u00e1rio e Plenipotenci\u00e1rio da Rep\u00fablica de Angola acreditado na Rep\u00fablica Federal da Nig\u00e9ria;<\/p>\n<p>7. Fidelino de Jesus Florentino Pelinganga, Embaixador Extraordin\u00e1rio e Plenipotenci\u00e1rio da Rep\u00fablica de Angola acreditado na Rep\u00fablica da Argentina;<\/p>\n<p>8. Flor\u00eancio Mariano da Concei\u00e7\u00e3o e Almeida, Embaixador Extraordin\u00e1rio e Plenipotenci\u00e1rio da Rep\u00fablica de Angola acreditado na Rep\u00fablica Federativa do Brasil;<\/p>\n<p>9. Francisco Jos\u00e9 da Cruz, Embaixador Extraordin\u00e1rio e Plenipotenci\u00e1rio da Rep\u00fablica de Angola acreditado na Rep\u00fablica Democr\u00e1tica Federal da Eti\u00f3pia e Representante Permanente junto da Uni\u00e3o Africana e Comunidade Econ\u00f3mica para \u00c1frica;<\/p>\n<p>10.Joaquim Duarte Pombo, Embaixador Extraordin\u00e1rio e Plenipotenci\u00e1rio da Rep\u00fablica de Angola acreditado na Rep\u00fablica de S\u00e3o Tom\u00e9 e Pr\u00edncipe;<\/p>\n<p>11.Jos\u00e9 Lu\u00eds de Matos Agostinho, Embaixador Extraordin\u00e1rio e Plenipotenci\u00e1rio da Rep\u00fablica de Angola acreditado no Reino de Espanha;<\/p>\n<p>12.Maria Cuandina Tchilepa de Carvalho, Embaixadora Extraordin\u00e1ria e Plenipotenci\u00e1ria da Rep\u00fablica de Angola acreditada na Rep\u00fablica da Guin\u00e9;<\/p>\n<p>13.Maria de Jesus dos Reis Ferreira, Embaixadora Extraordin\u00e1ria e Plenipotenci\u00e1ria da Rep\u00fablica de Angola e Representante Permanente das Na\u00e7\u00f5es Unidas em Nova Iorque;<\/p>\n<p>14.Maria Filomena Lob\u00e3o Telo Delgado, Embaixadora Extraordin\u00e1ria e Plenipotenci\u00e1ria da Rep\u00fablica de Angola acreditada na Rep\u00fablica da \u00c1frica do Sul;<\/p>\n<p>15.Paulino Domingos Baptista, Embaixador Extraordin\u00e1rio e Plenipotenci\u00e1rio da Rep\u00fablica de Angola acreditado no Estado do Vaticano;<\/p>\n<p>16.Teodolinda Rosa Rodrigues Coelho, Embaixadora Extraordin\u00e1ria e Plenipotenci\u00e1ria da Rep\u00fablica de Angola acreditada na Rep\u00fablica da \u00c1ustria e Representante Permanente junto da Organiza\u00e7\u00e3o das Na\u00e7\u00f5es Unidas e outras organiza\u00e7\u00f5es internacionais em Viena;<\/p>\n<p>Noutro decreto, o Presidente Jo\u00e3o Louren\u00e7o procedeu \u00e0s seguintes nomea\u00e7\u00f5es:<\/p>\n<p>1. Alfredo Dombe, para o cargo de Embaixador Extraordin\u00e1rio e Plenipotenci\u00e1rio da Rep\u00fablica de Angola acreditado no Reino de Espanha;<\/p>\n<p>2. Azevedo Xavier Francisco, Embaixador Extraordin\u00e1rio e Plenipotenci\u00e1rio da Rep\u00fablica de Angola acreditado na Rep\u00fablica da Argentina;<\/p>\n<p>3. Carlos Alberto Saraiva de Carvalho Fonseca, Embaixador Extraordin\u00e1rio e Plenipotenci\u00e1rio da Rep\u00fablica de Angola acreditado no Estado do Vaticano;<\/p>\n<p>4. Cec\u00edlia Caldeira da Concei\u00e7\u00e3o Ros\u00e1rio, Embaixadora Extraordin\u00e1ria e Plenipotenci\u00e1ria da Rep\u00fablica de Angola acreditada no Reino da Su\u00e9cia;<\/p>\n<p>5. Clemente Pedro Francisco Camenha, Embaixador Extraordin\u00e1rio e Plenipotenci\u00e1rio da Rep\u00fablica de Angola acreditado na Rep\u00fablica da \u00cdndia;<\/p>\n<p>6. Eust\u00e1quio Janu\u00e1rio Quibato, Embaixador Extraordin\u00e1rio e Plenipotenci\u00e1rio da Rep\u00fablica de Angola acreditado na Rep\u00fablica da Guin\u00e9 Conacri;<\/p>\n<p>7. Fidelino de Jesus Florentino Pelinganga, Embaixador Extraordin\u00e1rio e Plenipotenci\u00e1rio da Rep\u00fablica de Angola acreditado na Rep\u00fablica de S\u00e3o Tom\u00e9 e Pr\u00edncipe;<\/p>\n<p>8. Francisco Jos\u00e9 da Cruz, Embaixador Extraordin\u00e1rio e Plenipotenci\u00e1rio da Rep\u00fablica de Angola e Representante Permanente das Na\u00e7\u00f5es Unidas em Nova Iorque;<\/p>\n<p>9. Isabel de Jesus da Costa Godinho, Embaixadora Extraordin\u00e1ria e Plenipotenci\u00e1ria da Rep\u00fablica de Angola acreditada na Rep\u00fablica da \u00c1ustria e Representante Permanente junto da Organiza\u00e7\u00e3o das Na\u00e7\u00f5es Unidas e outras organiza\u00e7\u00f5es internacionais em Viena;<\/p>\n<p>10.Jos\u00e9 Bam\u00f3kina Zau, Embaixador Extraordin\u00e1rio e Plenipotenci\u00e1rio da Rep\u00fablica de Angola acreditado na Rep\u00fablica Federal da Nig\u00e9ria;<\/p>\n<p>11.Jos\u00e9 Lu\u00eds de Matos Agostinho, Embaixador Extraordin\u00e1rio e Plenipotenci\u00e1rio da Rep\u00fablica de Angola acreditado na Rep\u00fablica da Guin\u00e9 Equatorial;<\/p>\n<p>12.J\u00falio Belarmino Gomes Maiato, Embaixador Extraordin\u00e1rio e Plenipotenci\u00e1rio da Rep\u00fablica de Angola acreditado nos Emirados \u00c1rabes Unidos;<\/p>\n<p>13.Manuel Eduardo dos Santos da Silva Bravo, Embaixador Extraordin\u00e1rio e Plenipotenci\u00e1rio da Rep\u00fablica de Angola acreditado na Rep\u00fablica Federativa do Brasil;<\/p>\n<p>14.Maria de Jesus dos Reis Ferreira, Embaixadora Extraordin\u00e1ria e Plenipotenci\u00e1ria da Rep\u00fablica de Angola acreditada na Rep\u00fablica Portuguesa;<\/p>\n<p>15.Maria Filomena Lob\u00e3o Telo Delgado, Embaixadora Extraordin\u00e1ria e Plenipotenci\u00e1ria da Rep\u00fablica de Angola acreditada na Confedera\u00e7\u00e3o Su\u00ed\u00e7a;<\/p>\n<p>16.Miguel C\u00e9sar Domingos Bembe, Embaixador Extraordin\u00e1rio e Plenipotenci\u00e1rio da Rep\u00fablica de Angola acreditado na Rep\u00fablica Democr\u00e1tica Federal da Eti\u00f3pia e Representante Permanente junto da Uni\u00e3o Africana e Comunidade Econ\u00f3mica para \u00c1frica.<\/p>\n","protected":false},"excerpt":{"rendered":"<p>O Presidente da Rep\u00fablica, nos termos da Constitui\u00e7\u00e3o e por conveni\u00eancia de servi\u00e7o, assinou hoje um decreto a exonerar as seguintes entidades dos cargos que exerciam: 1. Albino Malungo, Embaixador Extraordin\u00e1rio e Plenipotenci\u00e1rio da Rep\u00fablica de Angola acreditado nos Emirados \u00c1rabes Unidos. 2. Ant\u00f3nio Manuel Luvualu de Carvalho, Embaixador Extraordin\u00e1rio ...<\/p>\n","protected":false},"author":8,"featured_media":88250,"comment_status":"closed","ping_status":"closed","sticky":false,"template":"","format":"standard","meta":[],"categories":[121,163],"tags":[],"_links":{"self":[{"href":"https:\/\/rna.ao\/rna.ao\/wp-json\/wp\/v2\/posts\/95216"}],"collection":[{"href":"https:\/\/rna.ao\/rna.ao\/wp-json\/wp\/v2\/posts"}],"about":[{"href":"https:\/\/rna.ao\/rna.ao\/wp-json\/wp\/v2\/types\/post"}],"author":[{"embeddable":true,"href":"https:\/\/rna.ao\/rna.ao\/wp-json\/wp\/v2\/users\/8"}],"replies":[{"embeddable":true,"href":"https:\/\/rna.ao\/rna.ao\/wp-json\/wp\/v2\/comments?post=95216"}],"version-history":[{"count":1,"href":"https:\/\/rna.ao\/rna.ao\/wp-json\/wp\/v2\/posts\/95216\/revisions"}],"predecessor-version":[{"id":95217,"href":"https:\/\/rna.ao\/rna.ao\/wp-json\/wp\/v2\/posts\/95216\/revisions\/95217"}],"wp:featuredmedia":[{"embeddable":true,"href":"https:\/\/rna.ao\/rna.ao\/wp-json\/wp\/v2\/media\/88250"}],"wp:attachment":[{"href":"https:\/\/rna.ao\/rna.ao\/wp-json\/wp\/v2\/media?parent=95216"}],"wp:term":[{"taxonomy":"category","embeddable":true,"href":"https:\/\/rna.ao\/rna.ao\/wp-json\/wp\/v2\/categories?post=95216"},{"taxonomy":"post_tag","embeddable":true,"href":"https:\/\/rna.ao\/rna.ao\/wp-json\/wp\/v2\/tags?post=95216"}],"curies":[{"name":"wp","href":"https:\/\/api.w.org\/{rel}","templated":true}]}}