{"id":95201,"date":"2023-03-07T13:47:08","date_gmt":"2023-03-07T12:47:08","guid":{"rendered":"https:\/\/rna.ao\/rna.ao\/?p=95201"},"modified":"2023-03-07T13:47:08","modified_gmt":"2023-03-07T12:47:08","slug":"greve-no-ensino-superior-queremos-que-os-docentes-cooperem-e-que-nao-haja-danos-na-formacao-dos-estudantes-apelou-a-ministra","status":"publish","type":"post","link":"https:\/\/rna.ao\/rna.ao\/2023\/03\/07\/greve-no-ensino-superior-queremos-que-os-docentes-cooperem-e-que-nao-haja-danos-na-formacao-dos-estudantes-apelou-a-ministra\/","title":{"rendered":"Greve no Ensino Superior: &#8220;Queremos que os docentes cooperem e que n\u00e3o haja danos na forma\u00e7\u00e3o dos estudantes&#8221; &#8211; apelou a Ministra"},"content":{"rendered":"<p><img loading=\"lazy\" class=\"size-medium wp-image-95203 aligncenter\" src=\"https:\/\/rna.ao\/rna.ao\/wp-content\/uploads\/2023\/03\/Maria-do-Rosario-Braganca-770x513.jpg\" alt=\"\" width=\"770\" height=\"513\" srcset=\"https:\/\/rna.ao\/rna.ao\/wp-content\/uploads\/2023\/03\/Maria-do-Rosario-Braganca-770x513.jpg 770w, https:\/\/rna.ao\/rna.ao\/wp-content\/uploads\/2023\/03\/Maria-do-Rosario-Braganca-1170x780.jpg 1170w, https:\/\/rna.ao\/rna.ao\/wp-content\/uploads\/2023\/03\/Maria-do-Rosario-Braganca-768x512.jpg 768w, https:\/\/rna.ao\/rna.ao\/wp-content\/uploads\/2023\/03\/Maria-do-Rosario-Braganca.jpg 1280w\" sizes=\"(max-width: 770px) 100vw, 770px\" \/>O Governo diz que continua aberto \u00e0s negocia\u00e7\u00f5es, para p\u00f4r fim a greve no ensino superior. A Ministra Maria do Ros\u00e1rio Bragan\u00e7a diz que espera, do Sindicato, bom senso. O aumento salarial e o seguro de sa\u00fade ainda s\u00e3o dois pontos que dividem as partes. Ou\u00e7a, no \u00e1udio abaixo, o rep\u00f3rter Samuel\u00a0 Vilarinho com mais dados:<\/p>\n\t<div class=\"qtmplayer-playlist-large\">\n\t\t<ul class=\"qtmplayer-playlist\">\n\t\t\t\n\t\t\t\t\t<li class=\"qtmplayer-trackitem\">\n\t\t<img src=\"https:\/\/rna.ao\/rna.ao\/wp-content\/uploads\/2023\/03\/Maria-do-Rosario-Braganca-1-100x100.jpg\" alt=\"cover\">\t\t<span \t\t\tdata-qtmplayer-cover=\"https:\/\/rna.ao\/rna.ao\/wp-content\/uploads\/2023\/03\/Maria-do-Rosario-Braganca-1.jpg\"\n\t\t\t\t\t\tdata-qtmplayer-file=\"https:\/\/rna.ao\/rna.ao\/wp-content\/uploads\/2023\/03\/BIE-ENSINO-SUPERIOR-13-HRS.mp3\"\n\t\t\t\t\t\tdata-qtmplayer-title=\"Greve no Ensino Superior: &#8220;Queremos que os docentes cooperem e que n\u00e3o haja danos na forma\u00e7\u00e3o dos estudantes&#8221; &#8211; apelou a Ministra\"\n\t\t\t\t\t\tdata-qtmplayer-artist=\"RNA\"\n\t\t\t\t\t\tdata-qtmplayer-link=\"https:\/\/rna.ao\/rna.ao\/2023\/03\/07\/greve-no-ensino-superior-queremos-que-os-docentes-cooperem-e-que-nao-haja-danos-na-formacao-dos-estudantes-apelou-a-ministra\/\"\n\t\t\t\t\t\tdata-qtmplayer-icon=\"file_download\"\n\t\t\t\t\t\tdata-qtmplayer-type=\"track\"\n\t\t\t class=\"qtmplayer-play qtmplayer-link-sec qtmplayer-play-btn\"><i class='material-icons'>play_arrow<\/i><\/span>\n\t\t<p>\n\t\t\t<span class=\"qtmplayer-tit\">Greve no Ensino Superior: &#8220;Queremos que os docentes cooperem e que n\u00e3o haja danos na forma\u00e7\u00e3o dos estudantes&#8221; &#8211; apelou a Ministra<\/span>\n\t\t\t<span class=\"qtmplayer-art\">RNA<\/span>\n\t\t<\/p>\n\t<\/li>\n\t\t<\/ul>\n\t<\/div>\t\t\t\n\t\n<p>Fonte: RNA<\/p>\n","protected":false},"excerpt":{"rendered":"<p>O Governo diz que continua aberto \u00e0s negocia\u00e7\u00f5es, para p\u00f4r fim a greve no ensino superior. A Ministra Maria do Ros\u00e1rio Bragan\u00e7a diz que espera, do Sindicato, bom senso. O aumento salarial e o seguro de sa\u00fade ainda s\u00e3o dois pontos que dividem as partes. Ou\u00e7a, no \u00e1udio abaixo, o ...<\/p>\n","protected":false},"author":8,"featured_media":95204,"comment_status":"closed","ping_status":"closed","sticky":false,"template":"","format":"standard","meta":[],"categories":[121,163],"tags":[],"_links":{"self":[{"href":"https:\/\/rna.ao\/rna.ao\/wp-json\/wp\/v2\/posts\/95201"}],"collection":[{"href":"https:\/\/rna.ao\/rna.ao\/wp-json\/wp\/v2\/posts"}],"about":[{"href":"https:\/\/rna.ao\/rna.ao\/wp-json\/wp\/v2\/types\/post"}],"author":[{"embeddable":true,"href":"https:\/\/rna.ao\/rna.ao\/wp-json\/wp\/v2\/users\/8"}],"replies":[{"embeddable":true,"href":"https:\/\/rna.ao\/rna.ao\/wp-json\/wp\/v2\/comments?post=95201"}],"version-history":[{"count":1,"href":"https:\/\/rna.ao\/rna.ao\/wp-json\/wp\/v2\/posts\/95201\/revisions"}],"predecessor-version":[{"id":95206,"href":"https:\/\/rna.ao\/rna.ao\/wp-json\/wp\/v2\/posts\/95201\/revisions\/95206"}],"wp:featuredmedia":[{"embeddable":true,"href":"https:\/\/rna.ao\/rna.ao\/wp-json\/wp\/v2\/media\/95204"}],"wp:attachment":[{"href":"https:\/\/rna.ao\/rna.ao\/wp-json\/wp\/v2\/media?parent=95201"}],"wp:term":[{"taxonomy":"category","embeddable":true,"href":"https:\/\/rna.ao\/rna.ao\/wp-json\/wp\/v2\/categories?post=95201"},{"taxonomy":"post_tag","embeddable":true,"href":"https:\/\/rna.ao\/rna.ao\/wp-json\/wp\/v2\/tags?post=95201"}],"curies":[{"name":"wp","href":"https:\/\/api.w.org\/{rel}","templated":true}]}}