{"id":9520,"date":"2020-10-25T07:20:42","date_gmt":"2020-10-25T06:20:42","guid":{"rendered":"https:\/\/rna.ao\/rna.ao\/?p=9520"},"modified":"2020-10-25T07:20:42","modified_gmt":"2020-10-25T06:20:42","slug":"angola-regista-subida-vertiginosa-de-infeccoes-de-covid-19","status":"publish","type":"post","link":"https:\/\/rna.ao\/rna.ao\/2020\/10\/25\/angola-regista-subida-vertiginosa-de-infeccoes-de-covid-19\/","title":{"rendered":"Angola regista subida vertiginosa de infec\u00e7\u00f5es de Covid-19"},"content":{"rendered":"<p><img loading=\"lazy\" class=\"size-full wp-image-7329 aligncenter\" src=\"https:\/\/rna.ao\/rna.ao\/wp-content\/uploads\/2020\/10\/cod.jpg\" alt=\"\" width=\"734\" height=\"414\" \/><\/p>\n<p>Angola est\u00e1 a registar a subida vertiginosa de infec\u00e7\u00f5es por Covid-19, s\u00f3 neste s\u00e1bado, 24\/10, cento e noventa e sete pessoas testaram positivo ao v\u00edrus, segundo a actualiza\u00e7\u00e3o da Comiss\u00e3o Multissectorial de combate e preven\u00e7\u00e3o da pandemia em Angola, noticiou a RNA.<\/p>\n<p>Em Luanda, prevalece o epicentro da pandemia, com o registo de cento e sessenta infec\u00e7\u00f5es, seguindo-se as prov\u00edncias de Malange, Cuando-Cubango e U\u00edge.<\/p>\n<p>Duas pessoas perderam a vida, vitimas da Covid-19, neste dia.<\/p>\n<p>No geral, o pa\u00eds, possui 9.026 infec\u00e7\u00f5es registadas desde o in\u00edcio da pandemia, 267 mortes, 3. 461 recuperados, 5.298 activos.<\/p>\n","protected":false},"excerpt":{"rendered":"<p>Angola est\u00e1 a registar a subida vertiginosa de infec\u00e7\u00f5es por Covid-19, s\u00f3 neste s\u00e1bado, 24\/10, cento e noventa e sete pessoas testaram positivo ao v\u00edrus, segundo a actualiza\u00e7\u00e3o da Comiss\u00e3o Multissectorial de combate e preven\u00e7\u00e3o da pandemia em Angola, noticiou a RNA. Em Luanda, prevalece o epicentro da pandemia, com ...<\/p>\n","protected":false},"author":8,"featured_media":7329,"comment_status":"closed","ping_status":"closed","sticky":false,"template":"","format":"standard","meta":[],"categories":[163],"tags":[],"_links":{"self":[{"href":"https:\/\/rna.ao\/rna.ao\/wp-json\/wp\/v2\/posts\/9520"}],"collection":[{"href":"https:\/\/rna.ao\/rna.ao\/wp-json\/wp\/v2\/posts"}],"about":[{"href":"https:\/\/rna.ao\/rna.ao\/wp-json\/wp\/v2\/types\/post"}],"author":[{"embeddable":true,"href":"https:\/\/rna.ao\/rna.ao\/wp-json\/wp\/v2\/users\/8"}],"replies":[{"embeddable":true,"href":"https:\/\/rna.ao\/rna.ao\/wp-json\/wp\/v2\/comments?post=9520"}],"version-history":[{"count":1,"href":"https:\/\/rna.ao\/rna.ao\/wp-json\/wp\/v2\/posts\/9520\/revisions"}],"predecessor-version":[{"id":9521,"href":"https:\/\/rna.ao\/rna.ao\/wp-json\/wp\/v2\/posts\/9520\/revisions\/9521"}],"wp:featuredmedia":[{"embeddable":true,"href":"https:\/\/rna.ao\/rna.ao\/wp-json\/wp\/v2\/media\/7329"}],"wp:attachment":[{"href":"https:\/\/rna.ao\/rna.ao\/wp-json\/wp\/v2\/media?parent=9520"}],"wp:term":[{"taxonomy":"category","embeddable":true,"href":"https:\/\/rna.ao\/rna.ao\/wp-json\/wp\/v2\/categories?post=9520"},{"taxonomy":"post_tag","embeddable":true,"href":"https:\/\/rna.ao\/rna.ao\/wp-json\/wp\/v2\/tags?post=9520"}],"curies":[{"name":"wp","href":"https:\/\/api.w.org\/{rel}","templated":true}]}}