{"id":9517,"date":"2020-10-25T07:06:44","date_gmt":"2020-10-25T06:06:44","guid":{"rendered":"https:\/\/rna.ao\/rna.ao\/?p=9517"},"modified":"2020-10-25T14:52:05","modified_gmt":"2020-10-25T13:52:05","slug":"tentativa-de-manifestacao-acaba-em-arruaca-e-vandalismo-em-luanda","status":"publish","type":"post","link":"https:\/\/rna.ao\/rna.ao\/2020\/10\/25\/tentativa-de-manifestacao-acaba-em-arruaca-e-vandalismo-em-luanda\/","title":{"rendered":"Tentativa de manifesta\u00e7\u00e3o acaba em arrua\u00e7a e vandalismo em Luanda"},"content":{"rendered":"<p><img loading=\"lazy\" class=\"size-full wp-image-9518 alignleft\" src=\"https:\/\/rna.ao\/rna.ao\/wp-content\/uploads\/2020\/10\/mani.jpg\" alt=\"\" width=\"500\" height=\"281\" \/>Um grupo de pessoas saiu as ruas da capital angolana, Luanda, s\u00e1bado, 24\/10, na tentativa de se manifestar contra o elevado custo de vida e exigir realiza\u00e7\u00e3o de elei\u00e7\u00f5es aut\u00e1rquicas em 2021, violando o recente decreto sobre a situa\u00e7\u00e3o de calamidade p\u00fablica em vigor at\u00e9 30 de Novembro, que pro\u00edbe o ajuntamento de mais de cinco pessoas, na via p\u00fablica em Angola.<\/p>\n<p>A tentativa de manifesta\u00e7\u00e3o deu lugar \u00e0 actos de vandalismo e arrua\u00e7a o que provocou in\u00fameros danos a terceiros, nomeadamente, moradores das zonas adjacentes, utentes de viaturas e pe\u00f5es.<\/p>\n<p>Designados como activistas da sociedade civil, os manifestantes reivindicavam a cria\u00e7\u00e3o de mais postos de trabalho em Angola, acabando por promover barricadas nalgumas estradas de Luanda, queima de pneus, o que bloqueou a circula\u00e7\u00e3o do tr\u00e2nsito, durante algumas horas.<\/p>\n<p>Os destacamentos da pol\u00edcia nacional na tentativa de conter os estragos dos manifestantes procederam a deten\u00e7\u00e3o de v\u00e1rias pessoas, tendo a situa\u00e7\u00e3o se normalizado momentos depois com a retoma da circula\u00e7\u00e3o rodovi\u00e1ria.<\/p>\n<p>De notar que, o decreto presidencial da situa\u00e7\u00e3o de calamidade p\u00fablica, com novas medidas de combate a preven\u00e7\u00e3o da Covid-19, em Angola, entrou em vigor, precisamente, neste s\u00e1bado 24 de Outubro.<\/p>\n","protected":false},"excerpt":{"rendered":"<p>Um grupo de pessoas saiu as ruas da capital angolana, Luanda, s\u00e1bado, 24\/10, na tentativa de se manifestar contra o elevado custo de vida e exigir realiza\u00e7\u00e3o de elei\u00e7\u00f5es aut\u00e1rquicas em 2021, violando o recente decreto sobre a situa\u00e7\u00e3o de calamidade p\u00fablica em vigor at\u00e9 30 de Novembro, que pro\u00edbe ...<\/p>\n","protected":false},"author":8,"featured_media":9518,"comment_status":"closed","ping_status":"closed","sticky":false,"template":"","format":"standard","meta":[],"categories":[141,163],"tags":[],"_links":{"self":[{"href":"https:\/\/rna.ao\/rna.ao\/wp-json\/wp\/v2\/posts\/9517"}],"collection":[{"href":"https:\/\/rna.ao\/rna.ao\/wp-json\/wp\/v2\/posts"}],"about":[{"href":"https:\/\/rna.ao\/rna.ao\/wp-json\/wp\/v2\/types\/post"}],"author":[{"embeddable":true,"href":"https:\/\/rna.ao\/rna.ao\/wp-json\/wp\/v2\/users\/8"}],"replies":[{"embeddable":true,"href":"https:\/\/rna.ao\/rna.ao\/wp-json\/wp\/v2\/comments?post=9517"}],"version-history":[{"count":1,"href":"https:\/\/rna.ao\/rna.ao\/wp-json\/wp\/v2\/posts\/9517\/revisions"}],"predecessor-version":[{"id":9519,"href":"https:\/\/rna.ao\/rna.ao\/wp-json\/wp\/v2\/posts\/9517\/revisions\/9519"}],"wp:featuredmedia":[{"embeddable":true,"href":"https:\/\/rna.ao\/rna.ao\/wp-json\/wp\/v2\/media\/9518"}],"wp:attachment":[{"href":"https:\/\/rna.ao\/rna.ao\/wp-json\/wp\/v2\/media?parent=9517"}],"wp:term":[{"taxonomy":"category","embeddable":true,"href":"https:\/\/rna.ao\/rna.ao\/wp-json\/wp\/v2\/categories?post=9517"},{"taxonomy":"post_tag","embeddable":true,"href":"https:\/\/rna.ao\/rna.ao\/wp-json\/wp\/v2\/tags?post=9517"}],"curies":[{"name":"wp","href":"https:\/\/api.w.org\/{rel}","templated":true}]}}