{"id":94114,"date":"2023-02-27T12:54:37","date_gmt":"2023-02-27T11:54:37","guid":{"rendered":"https:\/\/rna.ao\/rna.ao\/?p=94114"},"modified":"2023-02-27T12:54:37","modified_gmt":"2023-02-27T11:54:37","slug":"ministerio-da-saude-preocupado-com-o-elevado-numero-de-pacientes-que-precisam-de-cirurgia-e-que-chegam-aos-hospitais-em-estado-grave","status":"publish","type":"post","link":"https:\/\/rna.ao\/rna.ao\/2023\/02\/27\/ministerio-da-saude-preocupado-com-o-elevado-numero-de-pacientes-que-precisam-de-cirurgia-e-que-chegam-aos-hospitais-em-estado-grave\/","title":{"rendered":"Minist\u00e9rio da Sa\u00fade preocupado com o elevado numero de pacientes que precisam de cirurgia e que chegam aos hospitais em estado grave"},"content":{"rendered":"<p><img loading=\"lazy\" class=\"alignnone wp-image-45777\" src=\"https:\/\/rna.ao\/rna.ao\/wp-content\/uploads\/2021\/12\/Silvia-Lutucuta-2.jpg\" alt=\"\" width=\"349\" height=\"286\" \/><\/p>\n<p>O Minist\u00e9rio da sa\u00fade est\u00e1 preocupado com o elevado n\u00famero de pacientes que necessitam de cirurgia e que chegam aos hospitais\u00a0 em estado grave.<\/p>\n<p>alguns destes casos, detectados\u00a0 no \u00e2mbito da campanha\u00a0 massiva de cirurgias est\u00e3o relacionados a falta de informa\u00e7\u00e3o da popula\u00e7\u00e3o. Jornalista Patr\u00edcia Van-D\u00fanem Campos. Clique no \u00e1udio abaixo e ou\u00e7a:<\/p>\n\t<div class=\"qtmplayer-playlist-large\">\n\t\t<ul class=\"qtmplayer-playlist\">\n\t\t\t\n\t\t\t\t\t<li class=\"qtmplayer-trackitem\">\n\t\t<img src=\"https:\/\/rna.ao\/rna.ao\/wp-content\/uploads\/2020\/10\/Silvia-Lutucuta-2-100x100.jpg\" alt=\"cover\">\t\t<span \t\t\tdata-qtmplayer-cover=\"https:\/\/rna.ao\/rna.ao\/wp-content\/uploads\/2020\/10\/Silvia-Lutucuta-2.jpg\"\n\t\t\t\t\t\tdata-qtmplayer-file=\"https:\/\/rna.ao\/rna.ao\/wp-content\/uploads\/2023\/02\/PATRICIA-VAN-DUNEM-CAMPOS-SAUDE-13HRS.mp3\"\n\t\t\t\t\t\tdata-qtmplayer-title=\"Minist\u00e9rio da Sa\u00fade preocupado com o elevado numero de pacientes que precisam de cirurgia e que chegam aos hospitais em estado grave\"\n\t\t\t\t\t\tdata-qtmplayer-artist=\"Carla\"\n\t\t\t\t\t\tdata-qtmplayer-link=\"https:\/\/rna.ao\/rna.ao\/2023\/02\/27\/ministerio-da-saude-preocupado-com-o-elevado-numero-de-pacientes-que-precisam-de-cirurgia-e-que-chegam-aos-hospitais-em-estado-grave\/\"\n\t\t\t\t\t\tdata-qtmplayer-icon=\"file_download\"\n\t\t\t\t\t\tdata-qtmplayer-type=\"track\"\n\t\t\t class=\"qtmplayer-play qtmplayer-link-sec qtmplayer-play-btn\"><i class='material-icons'>play_arrow<\/i><\/span>\n\t\t<p>\n\t\t\t<span class=\"qtmplayer-tit\">Minist\u00e9rio da Sa\u00fade preocupado com o elevado numero de pacientes que precisam de cirurgia e que chegam aos hospitais em estado grave<\/span>\n\t\t\t<span class=\"qtmplayer-art\">Carla<\/span>\n\t\t<\/p>\n\t<\/li>\n\t\t<\/ul>\n\t<\/div>\t\t\t\n\t\n<p>&nbsp;<\/p>\n<p>&nbsp;<\/p>\n","protected":false},"excerpt":{"rendered":"<p>O Minist\u00e9rio da sa\u00fade est\u00e1 preocupado com o elevado n\u00famero de pacientes que necessitam de cirurgia e que chegam aos hospitais\u00a0 em estado grave. alguns destes casos, detectados\u00a0 no \u00e2mbito da campanha\u00a0 massiva de cirurgias est\u00e3o relacionados a falta de informa\u00e7\u00e3o da popula\u00e7\u00e3o. Jornalista Patr\u00edcia Van-D\u00fanem Campos. Clique no \u00e1udio ...<\/p>\n","protected":false},"author":10,"featured_media":9722,"comment_status":"closed","ping_status":"closed","sticky":false,"template":"","format":"standard","meta":[],"categories":[142,149,121,163,1],"tags":[],"_links":{"self":[{"href":"https:\/\/rna.ao\/rna.ao\/wp-json\/wp\/v2\/posts\/94114"}],"collection":[{"href":"https:\/\/rna.ao\/rna.ao\/wp-json\/wp\/v2\/posts"}],"about":[{"href":"https:\/\/rna.ao\/rna.ao\/wp-json\/wp\/v2\/types\/post"}],"author":[{"embeddable":true,"href":"https:\/\/rna.ao\/rna.ao\/wp-json\/wp\/v2\/users\/10"}],"replies":[{"embeddable":true,"href":"https:\/\/rna.ao\/rna.ao\/wp-json\/wp\/v2\/comments?post=94114"}],"version-history":[{"count":4,"href":"https:\/\/rna.ao\/rna.ao\/wp-json\/wp\/v2\/posts\/94114\/revisions"}],"predecessor-version":[{"id":94131,"href":"https:\/\/rna.ao\/rna.ao\/wp-json\/wp\/v2\/posts\/94114\/revisions\/94131"}],"wp:featuredmedia":[{"embeddable":true,"href":"https:\/\/rna.ao\/rna.ao\/wp-json\/wp\/v2\/media\/9722"}],"wp:attachment":[{"href":"https:\/\/rna.ao\/rna.ao\/wp-json\/wp\/v2\/media?parent=94114"}],"wp:term":[{"taxonomy":"category","embeddable":true,"href":"https:\/\/rna.ao\/rna.ao\/wp-json\/wp\/v2\/categories?post=94114"},{"taxonomy":"post_tag","embeddable":true,"href":"https:\/\/rna.ao\/rna.ao\/wp-json\/wp\/v2\/tags?post=94114"}],"curies":[{"name":"wp","href":"https:\/\/api.w.org\/{rel}","templated":true}]}}