{"id":93638,"date":"2023-02-23T08:09:27","date_gmt":"2023-02-23T07:09:27","guid":{"rendered":"https:\/\/rna.ao\/rna.ao\/?p=93638"},"modified":"2023-02-23T08:09:27","modified_gmt":"2023-02-23T07:09:27","slug":"ultima-hora-cerca-de-96-da-semente-utilizada-na-agricultura-e-de-fraca-qualidade","status":"publish","type":"post","link":"https:\/\/rna.ao\/rna.ao\/2023\/02\/23\/ultima-hora-cerca-de-96-da-semente-utilizada-na-agricultura-e-de-fraca-qualidade\/","title":{"rendered":"\u00daltima hora: Cerca de 96% da semente utilizada na agricultura \u00e9 de fraca qualidade"},"content":{"rendered":"<p><img loading=\"lazy\" class=\"wp-image-93641 alignleft\" src=\"https:\/\/rna.ao\/rna.ao\/wp-content\/uploads\/2023\/02\/Imagem1.jpg\" alt=\"\" width=\"296\" height=\"237\" \/>O Director do Servi\u00e7o Nacional de Semente, admite que um n\u00famero consider\u00e1vel de empresas que produzem sementes em Angola, tem neste segmento, alternativa para os seus neg\u00f3cios. Augusto Caetano da Silva, entende que s\u00f3 isto pode conferir a fraca qualidade de sementes utilizadas na agricultura em Angola. O Director do Servi\u00e7o Nacional de Semente, avan\u00e7ou que 96 por cento das sementes utilizadas s\u00e3o de fraca qualidade. Clique, no \u00e1udio abaixo e ou\u00e7a outros pormenores na reportagem do Lopes Canhina:<\/p>\n\t<div class=\"qtmplayer-playlist-large\">\n\t\t<ul class=\"qtmplayer-playlist\">\n\t\t\t\n\t\t\t\t\t<li class=\"qtmplayer-trackitem\">\n\t\t<img src=\"https:\/\/rna.ao\/rna.ao\/wp-content\/uploads\/2023\/02\/download-10-100x100.jpg\" alt=\"cover\">\t\t<span \t\t\tdata-qtmplayer-cover=\"https:\/\/rna.ao\/rna.ao\/wp-content\/uploads\/2023\/02\/download-10.jpg\"\n\t\t\t\t\t\tdata-qtmplayer-file=\"https:\/\/rna.ao\/rna.ao\/wp-content\/uploads\/2023\/02\/LOPES-CANHINA-07HRS-1.mp3\"\n\t\t\t\t\t\tdata-qtmplayer-title=\"\u00daltima hora: Cerca de 96% da semente utilizada na agricultura \u00e9 de fraca qualidade\"\n\t\t\t\t\t\tdata-qtmplayer-artist=\"RNA\"\n\t\t\t\t\t\tdata-qtmplayer-link=\"https:\/\/rna.ao\/rna.ao\/2023\/02\/23\/ultima-hora-cerca-de-96-da-semente-utilizada-na-agricultura-e-de-fraca-qualidade\/\"\n\t\t\t\t\t\tdata-qtmplayer-icon=\"file_download\"\n\t\t\t\t\t\tdata-qtmplayer-type=\"track\"\n\t\t\t class=\"qtmplayer-play qtmplayer-link-sec qtmplayer-play-btn\"><i class='material-icons'>play_arrow<\/i><\/span>\n\t\t<p>\n\t\t\t<span class=\"qtmplayer-tit\">\u00daltima hora: Cerca de 96% da semente utilizada na agricultura \u00e9 de fraca qualidade<\/span>\n\t\t\t<span class=\"qtmplayer-art\">RNA<\/span>\n\t\t<\/p>\n\t<\/li>\n\t\t<\/ul>\n\t<\/div>\t\t\t\n\t\n","protected":false},"excerpt":{"rendered":"<p>O Director do Servi\u00e7o Nacional de Semente, admite que um n\u00famero consider\u00e1vel de empresas que produzem sementes em Angola, tem neste segmento, alternativa para os seus neg\u00f3cios. Augusto Caetano da Silva, entende que s\u00f3 isto pode conferir a fraca qualidade de sementes utilizadas na agricultura em Angola. O Director do ...<\/p>\n","protected":false},"author":8,"featured_media":93640,"comment_status":"closed","ping_status":"closed","sticky":false,"template":"","format":"standard","meta":[],"categories":[164,163],"tags":[],"_links":{"self":[{"href":"https:\/\/rna.ao\/rna.ao\/wp-json\/wp\/v2\/posts\/93638"}],"collection":[{"href":"https:\/\/rna.ao\/rna.ao\/wp-json\/wp\/v2\/posts"}],"about":[{"href":"https:\/\/rna.ao\/rna.ao\/wp-json\/wp\/v2\/types\/post"}],"author":[{"embeddable":true,"href":"https:\/\/rna.ao\/rna.ao\/wp-json\/wp\/v2\/users\/8"}],"replies":[{"embeddable":true,"href":"https:\/\/rna.ao\/rna.ao\/wp-json\/wp\/v2\/comments?post=93638"}],"version-history":[{"count":1,"href":"https:\/\/rna.ao\/rna.ao\/wp-json\/wp\/v2\/posts\/93638\/revisions"}],"predecessor-version":[{"id":93642,"href":"https:\/\/rna.ao\/rna.ao\/wp-json\/wp\/v2\/posts\/93638\/revisions\/93642"}],"wp:featuredmedia":[{"embeddable":true,"href":"https:\/\/rna.ao\/rna.ao\/wp-json\/wp\/v2\/media\/93640"}],"wp:attachment":[{"href":"https:\/\/rna.ao\/rna.ao\/wp-json\/wp\/v2\/media?parent=93638"}],"wp:term":[{"taxonomy":"category","embeddable":true,"href":"https:\/\/rna.ao\/rna.ao\/wp-json\/wp\/v2\/categories?post=93638"},{"taxonomy":"post_tag","embeddable":true,"href":"https:\/\/rna.ao\/rna.ao\/wp-json\/wp\/v2\/tags?post=93638"}],"curies":[{"name":"wp","href":"https:\/\/api.w.org\/{rel}","templated":true}]}}