{"id":93633,"date":"2023-02-23T07:58:26","date_gmt":"2023-02-23T06:58:26","guid":{"rendered":"https:\/\/rna.ao\/rna.ao\/?p=93633"},"modified":"2023-02-23T07:58:26","modified_gmt":"2023-02-23T06:58:26","slug":"comuna-do-dande-podera-ter-em-breve-energia-electrica-vinda-de-uma-central-capaz-de-converter-em-energia-solar","status":"publish","type":"post","link":"https:\/\/rna.ao\/rna.ao\/2023\/02\/23\/comuna-do-dande-podera-ter-em-breve-energia-electrica-vinda-de-uma-central-capaz-de-converter-em-energia-solar\/","title":{"rendered":"Comuna do Dande poder\u00e1 ter em breve energia el\u00e9ctrica vinda de uma central capaz de converter em energia solar"},"content":{"rendered":"<p><img loading=\"lazy\" class=\"size-full wp-image-93635 alignleft\" src=\"https:\/\/rna.ao\/rna.ao\/wp-content\/uploads\/2023\/02\/energia-solar-2.jpg\" alt=\"\" width=\"284\" height=\"177\" \/>O Instituto Regulador de Energias Renov\u00e1veis estuda a viabilidade para a montagem de uma central capaz de converter energia solar em el\u00e9ctrica. A ideia \u00e9 alimentar a rede p\u00fablica e domiciliar na Comuna do Dande, Munic\u00edpio da Nharea, na Prov\u00edncia do Bi\u00e9. Martinho Anselmo Kanequela:<\/p>\n\t<div class=\"qtmplayer-playlist-large\">\n\t\t<ul class=\"qtmplayer-playlist\">\n\t\t\t\n\t\t\t\t\t<li class=\"qtmplayer-trackitem\">\n\t\t<img src=\"https:\/\/rna.ao\/rna.ao\/wp-content\/uploads\/2023\/02\/sola-energia-100x100.jpg\" alt=\"cover\">\t\t<span \t\t\tdata-qtmplayer-cover=\"https:\/\/rna.ao\/rna.ao\/wp-content\/uploads\/2023\/02\/sola-energia-370x370.jpg\"\n\t\t\t\t\t\tdata-qtmplayer-file=\"https:\/\/rna.ao\/rna.ao\/wp-content\/uploads\/2023\/02\/BIE-ENERGIA-07HS.mp3\"\n\t\t\t\t\t\tdata-qtmplayer-title=\"Comuna do Dande poder\u00e1 ter em breve energia el\u00e9ctrica vinda de uma central capaz de converter em energia solar\"\n\t\t\t\t\t\tdata-qtmplayer-artist=\"RNA\"\n\t\t\t\t\t\tdata-qtmplayer-link=\"https:\/\/rna.ao\/rna.ao\/2023\/02\/23\/comuna-do-dande-podera-ter-em-breve-energia-electrica-vinda-de-uma-central-capaz-de-converter-em-energia-solar\/\"\n\t\t\t\t\t\tdata-qtmplayer-icon=\"file_download\"\n\t\t\t\t\t\tdata-qtmplayer-type=\"track\"\n\t\t\t class=\"qtmplayer-play qtmplayer-link-sec qtmplayer-play-btn\"><i class='material-icons'>play_arrow<\/i><\/span>\n\t\t<p>\n\t\t\t<span class=\"qtmplayer-tit\">Comuna do Dande poder\u00e1 ter em breve energia el\u00e9ctrica vinda de uma central capaz de converter em energia solar<\/span>\n\t\t\t<span class=\"qtmplayer-art\">RNA<\/span>\n\t\t<\/p>\n\t<\/li>\n\t\t<\/ul>\n\t<\/div>\t\t\t\n\t\n","protected":false},"excerpt":{"rendered":"<p>O Instituto Regulador de Energias Renov\u00e1veis estuda a viabilidade para a montagem de uma central capaz de converter energia solar em el\u00e9ctrica. A ideia \u00e9 alimentar a rede p\u00fablica e domiciliar na Comuna do Dande, Munic\u00edpio da Nharea, na Prov\u00edncia do Bi\u00e9. Martinho Anselmo Kanequela:<\/p>\n","protected":false},"author":8,"featured_media":93636,"comment_status":"closed","ping_status":"closed","sticky":false,"template":"","format":"standard","meta":[],"categories":[142,121,163],"tags":[],"_links":{"self":[{"href":"https:\/\/rna.ao\/rna.ao\/wp-json\/wp\/v2\/posts\/93633"}],"collection":[{"href":"https:\/\/rna.ao\/rna.ao\/wp-json\/wp\/v2\/posts"}],"about":[{"href":"https:\/\/rna.ao\/rna.ao\/wp-json\/wp\/v2\/types\/post"}],"author":[{"embeddable":true,"href":"https:\/\/rna.ao\/rna.ao\/wp-json\/wp\/v2\/users\/8"}],"replies":[{"embeddable":true,"href":"https:\/\/rna.ao\/rna.ao\/wp-json\/wp\/v2\/comments?post=93633"}],"version-history":[{"count":1,"href":"https:\/\/rna.ao\/rna.ao\/wp-json\/wp\/v2\/posts\/93633\/revisions"}],"predecessor-version":[{"id":93637,"href":"https:\/\/rna.ao\/rna.ao\/wp-json\/wp\/v2\/posts\/93633\/revisions\/93637"}],"wp:featuredmedia":[{"embeddable":true,"href":"https:\/\/rna.ao\/rna.ao\/wp-json\/wp\/v2\/media\/93636"}],"wp:attachment":[{"href":"https:\/\/rna.ao\/rna.ao\/wp-json\/wp\/v2\/media?parent=93633"}],"wp:term":[{"taxonomy":"category","embeddable":true,"href":"https:\/\/rna.ao\/rna.ao\/wp-json\/wp\/v2\/categories?post=93633"},{"taxonomy":"post_tag","embeddable":true,"href":"https:\/\/rna.ao\/rna.ao\/wp-json\/wp\/v2\/tags?post=93633"}],"curies":[{"name":"wp","href":"https:\/\/api.w.org\/{rel}","templated":true}]}}