{"id":93424,"date":"2023-02-21T08:17:53","date_gmt":"2023-02-21T07:17:53","guid":{"rendered":"https:\/\/rna.ao\/rna.ao\/?p=93424"},"modified":"2023-02-21T08:17:53","modified_gmt":"2023-02-21T07:17:53","slug":"carnaval-de-luanda-homenageia-grupo-carnavalesco-uniao-cafe-de-angola","status":"publish","type":"post","link":"https:\/\/rna.ao\/rna.ao\/2023\/02\/21\/carnaval-de-luanda-homenageia-grupo-carnavalesco-uniao-cafe-de-angola\/","title":{"rendered":"Carnaval de Luanda homenageia grupo carnavalesco Uni\u00e3o Caf\u00e9 de Angola"},"content":{"rendered":"<p><img loading=\"lazy\" class=\"wp-image-93426 alignleft\" src=\"https:\/\/rna.ao\/rna.ao\/wp-content\/uploads\/2023\/02\/carnaval-1.jpg\" alt=\"\" width=\"371\" height=\"247\" \/>A festa de Carnaval edi\u00e7\u00e3o 2023 homenageou o grupo Carnavalesco, Uni\u00e3o Caf\u00e9 de Angola. O desfile central que aconteceu na nova marginal de Luanda foi prestigiado pela presen\u00e7a do Presidente da Rep\u00fablica, Jo\u00e3o Louren\u00e7o. 13 grupos carnavalescos da capital do pa\u00eds, exibiram-se na maior manifesta\u00e7\u00e3o cultural dos angolanos, perante uma plateia que contou tamb\u00e9m com a presen\u00e7a de turistas de v\u00e1rios pa\u00edses. Clique, no \u00e1udio abaixo e ou\u00e7a outros pormenores na reportagem do Hil\u00e1rio Jo\u00e3o da R\u00e1dio Cultura Angola:<\/p>\n\t<div class=\"qtmplayer-playlist-large\">\n\t\t<ul class=\"qtmplayer-playlist\">\n\t\t\t\n\t\t\t\t\t<li class=\"qtmplayer-trackitem\">\n\t\t<img src=\"https:\/\/rna.ao\/rna.ao\/wp-content\/uploads\/2023\/02\/carnaval-100x100.jpg\" alt=\"cover\">\t\t<span \t\t\tdata-qtmplayer-cover=\"https:\/\/rna.ao\/rna.ao\/wp-content\/uploads\/2023\/02\/carnaval-370x370.jpg\"\n\t\t\t\t\t\tdata-qtmplayer-file=\"https:\/\/rna.ao\/rna.ao\/wp-content\/uploads\/2023\/02\/HILARIO-JOAO-CARNAVAL-07HRS.mp3\"\n\t\t\t\t\t\tdata-qtmplayer-title=\"Carnaval de Luanda homenageia grupo carnavalesco Uni\u00e3o Caf\u00e9 de Angola\"\n\t\t\t\t\t\tdata-qtmplayer-artist=\"RNA\"\n\t\t\t\t\t\tdata-qtmplayer-link=\"https:\/\/rna.ao\/rna.ao\/2023\/02\/21\/carnaval-de-luanda-homenageia-grupo-carnavalesco-uniao-cafe-de-angola\/\"\n\t\t\t\t\t\tdata-qtmplayer-icon=\"file_download\"\n\t\t\t\t\t\tdata-qtmplayer-type=\"track\"\n\t\t\t class=\"qtmplayer-play qtmplayer-link-sec qtmplayer-play-btn\"><i class='material-icons'>play_arrow<\/i><\/span>\n\t\t<p>\n\t\t\t<span class=\"qtmplayer-tit\">Carnaval de Luanda homenageia grupo carnavalesco Uni\u00e3o Caf\u00e9 de Angola<\/span>\n\t\t\t<span class=\"qtmplayer-art\">RNA<\/span>\n\t\t<\/p>\n\t<\/li>\n\t\t<\/ul>\n\t<\/div>\t\t\t\n\t\n","protected":false},"excerpt":{"rendered":"<p>A festa de Carnaval edi\u00e7\u00e3o 2023 homenageou o grupo Carnavalesco, Uni\u00e3o Caf\u00e9 de Angola. O desfile central que aconteceu na nova marginal de Luanda foi prestigiado pela presen\u00e7a do Presidente da Rep\u00fablica, Jo\u00e3o Louren\u00e7o. 13 grupos carnavalescos da capital do pa\u00eds, exibiram-se na maior manifesta\u00e7\u00e3o cultural dos angolanos, perante uma ...<\/p>\n","protected":false},"author":8,"featured_media":93431,"comment_status":"closed","ping_status":"closed","sticky":false,"template":"","format":"standard","meta":[],"categories":[141,133,164,1],"tags":[],"_links":{"self":[{"href":"https:\/\/rna.ao\/rna.ao\/wp-json\/wp\/v2\/posts\/93424"}],"collection":[{"href":"https:\/\/rna.ao\/rna.ao\/wp-json\/wp\/v2\/posts"}],"about":[{"href":"https:\/\/rna.ao\/rna.ao\/wp-json\/wp\/v2\/types\/post"}],"author":[{"embeddable":true,"href":"https:\/\/rna.ao\/rna.ao\/wp-json\/wp\/v2\/users\/8"}],"replies":[{"embeddable":true,"href":"https:\/\/rna.ao\/rna.ao\/wp-json\/wp\/v2\/comments?post=93424"}],"version-history":[{"count":1,"href":"https:\/\/rna.ao\/rna.ao\/wp-json\/wp\/v2\/posts\/93424\/revisions"}],"predecessor-version":[{"id":93432,"href":"https:\/\/rna.ao\/rna.ao\/wp-json\/wp\/v2\/posts\/93424\/revisions\/93432"}],"wp:featuredmedia":[{"embeddable":true,"href":"https:\/\/rna.ao\/rna.ao\/wp-json\/wp\/v2\/media\/93431"}],"wp:attachment":[{"href":"https:\/\/rna.ao\/rna.ao\/wp-json\/wp\/v2\/media?parent=93424"}],"wp:term":[{"taxonomy":"category","embeddable":true,"href":"https:\/\/rna.ao\/rna.ao\/wp-json\/wp\/v2\/categories?post=93424"},{"taxonomy":"post_tag","embeddable":true,"href":"https:\/\/rna.ao\/rna.ao\/wp-json\/wp\/v2\/tags?post=93424"}],"curies":[{"name":"wp","href":"https:\/\/api.w.org\/{rel}","templated":true}]}}