{"id":90878,"date":"2023-01-29T07:33:09","date_gmt":"2023-01-29T06:33:09","guid":{"rendered":"https:\/\/rna.ao\/rna.ao\/?p=90878"},"modified":"2023-01-29T07:33:09","modified_gmt":"2023-01-29T06:33:09","slug":"hospital-psiquiatrico-de-luanda-tem-mais-450-camas-para-internamento","status":"publish","type":"post","link":"https:\/\/rna.ao\/rna.ao\/2023\/01\/29\/hospital-psiquiatrico-de-luanda-tem-mais-450-camas-para-internamento\/","title":{"rendered":"Hospital psiqui\u00e1trico de Luanda tem mais 450 camas para internamento"},"content":{"rendered":"<p><img loading=\"lazy\" class=\"size-medium wp-image-90882 aligncenter\" src=\"https:\/\/rna.ao\/rna.ao\/wp-content\/uploads\/2023\/01\/hOSPITAL-pSIQUIATRICO-DE-lUANDA-770x578.jpg\" alt=\"\" width=\"770\" height=\"578\" srcset=\"https:\/\/rna.ao\/rna.ao\/wp-content\/uploads\/2023\/01\/hOSPITAL-pSIQUIATRICO-DE-lUANDA-770x578.jpg 770w, https:\/\/rna.ao\/rna.ao\/wp-content\/uploads\/2023\/01\/hOSPITAL-pSIQUIATRICO-DE-lUANDA-1170x878.jpg 1170w, https:\/\/rna.ao\/rna.ao\/wp-content\/uploads\/2023\/01\/hOSPITAL-pSIQUIATRICO-DE-lUANDA-768x576.jpg 768w, https:\/\/rna.ao\/rna.ao\/wp-content\/uploads\/2023\/01\/hOSPITAL-pSIQUIATRICO-DE-lUANDA-1536x1152.jpg 1536w, https:\/\/rna.ao\/rna.ao\/wp-content\/uploads\/2023\/01\/hOSPITAL-pSIQUIATRICO-DE-lUANDA.jpg 2048w\" sizes=\"(max-width: 770px) 100vw, 770px\" \/>O Hospital psiqui\u00e1trico de Luanda est\u00e1 com superlota\u00e7\u00e3o. Com capacidade para 250 camas, o hospital tem, nesta altura, 300 pacientes internados, o que levou a Direc\u00e7\u00e3o a aumentar o n\u00famero de camas em algumas enfermarias.<\/p>\n<p>O hospital, que est\u00e1 a ser reabilitado e ampliado, recebeu no s\u00e1bado, 28\/01, a visita da Ministra da Sa\u00fade. Satisfeita com a evolu\u00e7\u00e3o das obras de reabilita\u00e7\u00e3o, S\u00edlvia Lutukuta acredita que, dentro de seis meses, o Hospital vai melhorar a acomoda\u00e7\u00e3o dos pacientes com o aumento de n\u00famero de camas de 250 para 450.Clique no \u00e1udio e ou\u00e7a:<\/p>\n\t<div class=\"qtmplayer-playlist-large\">\n\t\t<ul class=\"qtmplayer-playlist\">\n\t\t\t\n\t\t\t\t\t<li class=\"qtmplayer-trackitem\">\n\t\t<img src=\"https:\/\/rna.ao\/rna.ao\/wp-content\/uploads\/2023\/01\/327604344_741814844206936_8781833787771345113_n-100x100.jpg\" alt=\"cover\">\t\t<span \t\t\tdata-qtmplayer-cover=\"https:\/\/rna.ao\/rna.ao\/wp-content\/uploads\/2023\/01\/327604344_741814844206936_8781833787771345113_n.jpg\"\n\t\t\t\t\t\tdata-qtmplayer-file=\"https:\/\/rna.ao\/rna.ao\/wp-content\/uploads\/2023\/01\/SILVIA-LUTUKUTA-1-2.mp3\"\n\t\t\t\t\t\tdata-qtmplayer-title=\"Hospital psiqui\u00e1trico de Luanda tem mais 450 camas para internamento\"\n\t\t\t\t\t\tdata-qtmplayer-artist=\"RNA\"\n\t\t\t\t\t\tdata-qtmplayer-link=\"https:\/\/rna.ao\/rna.ao\/2023\/01\/29\/hospital-psiquiatrico-de-luanda-tem-mais-450-camas-para-internamento\/\"\n\t\t\t\t\t\tdata-qtmplayer-icon=\"file_download\"\n\t\t\t\t\t\tdata-qtmplayer-type=\"track\"\n\t\t\t class=\"qtmplayer-play qtmplayer-link-sec qtmplayer-play-btn\"><i class='material-icons'>play_arrow<\/i><\/span>\n\t\t<p>\n\t\t\t<span class=\"qtmplayer-tit\">Hospital psiqui\u00e1trico de Luanda tem mais 450 camas para internamento<\/span>\n\t\t\t<span class=\"qtmplayer-art\">RNA<\/span>\n\t\t<\/p>\n\t<\/li>\n\t\t<\/ul>\n\t<\/div>\t\t\t\n\t\n<p>O Hospital tem mais de 70% dos doentes abandonados pelos familiares, n\u00famero que preocupa a Ministra da Sa\u00fade, que promete intensificar os contactos com o sector da Ac\u00e7\u00e3o Social, para ajudar a reverter o quadro. Clique no \u00e1udio e ou\u00e7a:<\/p>\n\t<div class=\"qtmplayer-playlist-large\">\n\t\t<ul class=\"qtmplayer-playlist\">\n\t\t\t\n\t\t\t\t\t<li class=\"qtmplayer-trackitem\">\n\t\t<img src=\"https:\/\/rna.ao\/rna.ao\/wp-content\/uploads\/2023\/01\/327604344_741814844206936_8781833787771345113_n-100x100.jpg\" alt=\"cover\">\t\t<span \t\t\tdata-qtmplayer-cover=\"https:\/\/rna.ao\/rna.ao\/wp-content\/uploads\/2023\/01\/327604344_741814844206936_8781833787771345113_n.jpg\"\n\t\t\t\t\t\tdata-qtmplayer-file=\"https:\/\/rna.ao\/rna.ao\/wp-content\/uploads\/2023\/01\/SILVIA-L.mp3\"\n\t\t\t\t\t\tdata-qtmplayer-title=\"Hospital psiqui\u00e1trico de Luanda tem mais 450 camas para internamento\"\n\t\t\t\t\t\tdata-qtmplayer-artist=\"RNA\"\n\t\t\t\t\t\tdata-qtmplayer-link=\"https:\/\/rna.ao\/rna.ao\/2023\/01\/29\/hospital-psiquiatrico-de-luanda-tem-mais-450-camas-para-internamento\/\"\n\t\t\t\t\t\tdata-qtmplayer-icon=\"file_download\"\n\t\t\t\t\t\tdata-qtmplayer-type=\"track\"\n\t\t\t class=\"qtmplayer-play qtmplayer-link-sec qtmplayer-play-btn\"><i class='material-icons'>play_arrow<\/i><\/span>\n\t\t<p>\n\t\t\t<span class=\"qtmplayer-tit\">Hospital psiqui\u00e1trico de Luanda tem mais 450 camas para internamento<\/span>\n\t\t\t<span class=\"qtmplayer-art\">RNA<\/span>\n\t\t<\/p>\n\t<\/li>\n\t\t<\/ul>\n\t<\/div>\t\t\t\n\t\n<p>A titular da sa\u00fade falou igualmente da necessidade urgente de descentraliza\u00e7\u00e3o dos servi\u00e7os, que tem como prioridade potencializar os cuidados prim\u00e1rios. Clique no \u00e1udio e ou\u00e7a:<\/p>\n\t<div class=\"qtmplayer-playlist-large\">\n\t\t<ul class=\"qtmplayer-playlist\">\n\t\t\t\n\t\t\t\t\t<li class=\"qtmplayer-trackitem\">\n\t\t<img src=\"https:\/\/rna.ao\/rna.ao\/wp-content\/uploads\/2023\/01\/327604344_741814844206936_8781833787771345113_n-100x100.jpg\" alt=\"cover\">\t\t<span \t\t\tdata-qtmplayer-cover=\"https:\/\/rna.ao\/rna.ao\/wp-content\/uploads\/2023\/01\/327604344_741814844206936_8781833787771345113_n.jpg\"\n\t\t\t\t\t\tdata-qtmplayer-file=\"https:\/\/rna.ao\/rna.ao\/wp-content\/uploads\/2023\/01\/SILVIA.mp3\"\n\t\t\t\t\t\tdata-qtmplayer-title=\"Hospital psiqui\u00e1trico de Luanda tem mais 450 camas para internamento\"\n\t\t\t\t\t\tdata-qtmplayer-artist=\"RNA\"\n\t\t\t\t\t\tdata-qtmplayer-link=\"https:\/\/rna.ao\/rna.ao\/2023\/01\/29\/hospital-psiquiatrico-de-luanda-tem-mais-450-camas-para-internamento\/\"\n\t\t\t\t\t\tdata-qtmplayer-icon=\"file_download\"\n\t\t\t\t\t\tdata-qtmplayer-type=\"track\"\n\t\t\t class=\"qtmplayer-play qtmplayer-link-sec qtmplayer-play-btn\"><i class='material-icons'>play_arrow<\/i><\/span>\n\t\t<p>\n\t\t\t<span class=\"qtmplayer-tit\">Hospital psiqui\u00e1trico de Luanda tem mais 450 camas para internamento<\/span>\n\t\t\t<span class=\"qtmplayer-art\">RNA<\/span>\n\t\t<\/p>\n\t<\/li>\n\t\t<\/ul>\n\t<\/div>\t\t\t\n\t\n<p>Fonte: RNA<\/p>\n","protected":false},"excerpt":{"rendered":"<p>O Hospital psiqui\u00e1trico de Luanda est\u00e1 com superlota\u00e7\u00e3o. Com capacidade para 250 camas, o hospital tem, nesta altura, 300 pacientes internados, o que levou a Direc\u00e7\u00e3o a aumentar o n\u00famero de camas em algumas enfermarias. O hospital, que est\u00e1 a ser reabilitado e ampliado, recebeu no s\u00e1bado, 28\/01, a visita ...<\/p>\n","protected":false},"author":8,"featured_media":90883,"comment_status":"closed","ping_status":"closed","sticky":false,"template":"","format":"standard","meta":[],"categories":[141,133,163],"tags":[],"_links":{"self":[{"href":"https:\/\/rna.ao\/rna.ao\/wp-json\/wp\/v2\/posts\/90878"}],"collection":[{"href":"https:\/\/rna.ao\/rna.ao\/wp-json\/wp\/v2\/posts"}],"about":[{"href":"https:\/\/rna.ao\/rna.ao\/wp-json\/wp\/v2\/types\/post"}],"author":[{"embeddable":true,"href":"https:\/\/rna.ao\/rna.ao\/wp-json\/wp\/v2\/users\/8"}],"replies":[{"embeddable":true,"href":"https:\/\/rna.ao\/rna.ao\/wp-json\/wp\/v2\/comments?post=90878"}],"version-history":[{"count":1,"href":"https:\/\/rna.ao\/rna.ao\/wp-json\/wp\/v2\/posts\/90878\/revisions"}],"predecessor-version":[{"id":90884,"href":"https:\/\/rna.ao\/rna.ao\/wp-json\/wp\/v2\/posts\/90878\/revisions\/90884"}],"wp:featuredmedia":[{"embeddable":true,"href":"https:\/\/rna.ao\/rna.ao\/wp-json\/wp\/v2\/media\/90883"}],"wp:attachment":[{"href":"https:\/\/rna.ao\/rna.ao\/wp-json\/wp\/v2\/media?parent=90878"}],"wp:term":[{"taxonomy":"category","embeddable":true,"href":"https:\/\/rna.ao\/rna.ao\/wp-json\/wp\/v2\/categories?post=90878"},{"taxonomy":"post_tag","embeddable":true,"href":"https:\/\/rna.ao\/rna.ao\/wp-json\/wp\/v2\/tags?post=90878"}],"curies":[{"name":"wp","href":"https:\/\/api.w.org\/{rel}","templated":true}]}}