{"id":90801,"date":"2023-01-28T08:10:53","date_gmt":"2023-01-28T07:10:53","guid":{"rendered":"https:\/\/rna.ao\/rna.ao\/?p=90801"},"modified":"2023-01-28T08:10:53","modified_gmt":"2023-01-28T07:10:53","slug":"medio-angolano-beni-ja-e-jogador-do-casa-pia","status":"publish","type":"post","link":"https:\/\/rna.ao\/rna.ao\/2023\/01\/28\/medio-angolano-beni-ja-e-jogador-do-casa-pia\/","title":{"rendered":"M\u00e9dio angolano Beni j\u00e1 \u00e9 jogador do Casa Pia"},"content":{"rendered":"<p><img loading=\"lazy\" class=\"size-full wp-image-90802 alignleft\" src=\"https:\/\/rna.ao\/rna.ao\/wp-content\/uploads\/2023\/01\/Beni-medio-de-futebol.jpg\" alt=\"\" width=\"284\" height=\"177\" \/>O jovem futebolista angolano, Beni, est\u00e1 a ser not\u00edcia em Portugal. Atrav\u00e9s de uma publica\u00e7\u00e3o na sua p\u00e1gina na rede social Twitter, o Casa Pia oficializou na sexta-feira, 27\/01, a contrata\u00e7\u00e3o do m\u00e9dio angolano, Beni Moquendi, de 20 anos de idade, ex-Trofense Liga II.<\/p>\n<p>O angolano \u00e9 o segundo refor\u00e7o confirmado nos \u201cgansos\u201d, nesta janela do mercado ap\u00f3s a chegada do avan\u00e7ado japon\u00eas Yuri Soma.<\/p>\n","protected":false},"excerpt":{"rendered":"<p>O jovem futebolista angolano, Beni, est\u00e1 a ser not\u00edcia em Portugal. Atrav\u00e9s de uma publica\u00e7\u00e3o na sua p\u00e1gina na rede social Twitter, o Casa Pia oficializou na sexta-feira, 27\/01, a contrata\u00e7\u00e3o do m\u00e9dio angolano, Beni Moquendi, de 20 anos de idade, ex-Trofense Liga II. O angolano \u00e9 o segundo refor\u00e7o ...<\/p>\n","protected":false},"author":8,"featured_media":90802,"comment_status":"closed","ping_status":"closed","sticky":false,"template":"","format":"standard","meta":[],"categories":[145,125,164],"tags":[],"_links":{"self":[{"href":"https:\/\/rna.ao\/rna.ao\/wp-json\/wp\/v2\/posts\/90801"}],"collection":[{"href":"https:\/\/rna.ao\/rna.ao\/wp-json\/wp\/v2\/posts"}],"about":[{"href":"https:\/\/rna.ao\/rna.ao\/wp-json\/wp\/v2\/types\/post"}],"author":[{"embeddable":true,"href":"https:\/\/rna.ao\/rna.ao\/wp-json\/wp\/v2\/users\/8"}],"replies":[{"embeddable":true,"href":"https:\/\/rna.ao\/rna.ao\/wp-json\/wp\/v2\/comments?post=90801"}],"version-history":[{"count":1,"href":"https:\/\/rna.ao\/rna.ao\/wp-json\/wp\/v2\/posts\/90801\/revisions"}],"predecessor-version":[{"id":90803,"href":"https:\/\/rna.ao\/rna.ao\/wp-json\/wp\/v2\/posts\/90801\/revisions\/90803"}],"wp:featuredmedia":[{"embeddable":true,"href":"https:\/\/rna.ao\/rna.ao\/wp-json\/wp\/v2\/media\/90802"}],"wp:attachment":[{"href":"https:\/\/rna.ao\/rna.ao\/wp-json\/wp\/v2\/media?parent=90801"}],"wp:term":[{"taxonomy":"category","embeddable":true,"href":"https:\/\/rna.ao\/rna.ao\/wp-json\/wp\/v2\/categories?post=90801"},{"taxonomy":"post_tag","embeddable":true,"href":"https:\/\/rna.ao\/rna.ao\/wp-json\/wp\/v2\/tags?post=90801"}],"curies":[{"name":"wp","href":"https:\/\/api.w.org\/{rel}","templated":true}]}}