{"id":90757,"date":"2023-01-27T08:50:55","date_gmt":"2023-01-27T07:50:55","guid":{"rendered":"https:\/\/rna.ao\/rna.ao\/?p=90757"},"modified":"2023-01-27T08:50:55","modified_gmt":"2023-01-27T07:50:55","slug":"gpl-retoma-obras-do-projecto-de-macro-drenagem-paralisadas-desde-2014","status":"publish","type":"post","link":"https:\/\/rna.ao\/rna.ao\/2023\/01\/27\/gpl-retoma-obras-do-projecto-de-macro-drenagem-paralisadas-desde-2014\/","title":{"rendered":"GPL retoma obras do projecto de Macro-drenagem paralisadas desde 2014"},"content":{"rendered":"<p><img loading=\"lazy\" class=\"size-medium wp-image-79120 aligncenter\" src=\"https:\/\/rna.ao\/rna.ao\/wp-content\/uploads\/2022\/10\/Manuel-Homem-770x513.jpg\" alt=\"\" width=\"770\" height=\"513\" srcset=\"https:\/\/rna.ao\/rna.ao\/wp-content\/uploads\/2022\/10\/Manuel-Homem-770x513.jpg 770w, https:\/\/rna.ao\/rna.ao\/wp-content\/uploads\/2022\/10\/Manuel-Homem-768x512.jpg 768w, https:\/\/rna.ao\/rna.ao\/wp-content\/uploads\/2022\/10\/Manuel-Homem.jpg 800w\" sizes=\"(max-width: 770px) 100vw, 770px\" \/>O Governador de Luanda j\u00e1 tem tra\u00e7adas algumas metas, para este ano. Um dos primeiros pilares, segundo Manuel Homem, \u00e9 continuar a melhorar as condi\u00e7\u00f5es sociais de todos aqueles que escolheram a Prov\u00edncia para viver. Clique no \u00e1udio e ou\u00e7a:<\/p>\n\t<div class=\"qtmplayer-playlist-large\">\n\t\t<ul class=\"qtmplayer-playlist\">\n\t\t\t\n\t\t\t\t\t<li class=\"qtmplayer-trackitem\">\n\t\t<img src=\"https:\/\/rna.ao\/rna.ao\/wp-content\/uploads\/2022\/10\/Manuel-Homem-1-100x100.jpg\" alt=\"cover\">\t\t<span \t\t\tdata-qtmplayer-cover=\"https:\/\/rna.ao\/rna.ao\/wp-content\/uploads\/2022\/10\/Manuel-Homem-1.jpg\"\n\t\t\t\t\t\tdata-qtmplayer-file=\"https:\/\/rna.ao\/rna.ao\/wp-content\/uploads\/2023\/01\/MANUEL-HOMEM-INFRA-ESTRUTURA.mp3\"\n\t\t\t\t\t\tdata-qtmplayer-title=\"GPL retoma obras do projecto de Macro-drenagem paralisadas desde 2014\"\n\t\t\t\t\t\tdata-qtmplayer-artist=\"RNA\"\n\t\t\t\t\t\tdata-qtmplayer-link=\"https:\/\/rna.ao\/rna.ao\/2023\/01\/27\/gpl-retoma-obras-do-projecto-de-macro-drenagem-paralisadas-desde-2014\/\"\n\t\t\t\t\t\tdata-qtmplayer-icon=\"file_download\"\n\t\t\t\t\t\tdata-qtmplayer-type=\"track\"\n\t\t\t class=\"qtmplayer-play qtmplayer-link-sec qtmplayer-play-btn\"><i class='material-icons'>play_arrow<\/i><\/span>\n\t\t<p>\n\t\t\t<span class=\"qtmplayer-tit\">GPL retoma obras do projecto de Macro-drenagem paralisadas desde 2014<\/span>\n\t\t\t<span class=\"qtmplayer-art\">RNA<\/span>\n\t\t<\/p>\n\t<\/li>\n\t\t<\/ul>\n\t<\/div>\t\t\t\n\t\n<p>O Governador anunciou que, este ano, vai retomar o projecto da macro-drenagem, paralisado desde 2014. Clique no \u00e1udio e ou\u00e7a:<\/p>\n\t<div class=\"qtmplayer-playlist-large\">\n\t\t<ul class=\"qtmplayer-playlist\">\n\t\t\t\n\t\t\t\t\t<li class=\"qtmplayer-trackitem\">\n\t\t<img src=\"https:\/\/rna.ao\/rna.ao\/wp-content\/uploads\/2022\/10\/Manuel-Homem-1-100x100.jpg\" alt=\"cover\">\t\t<span \t\t\tdata-qtmplayer-cover=\"https:\/\/rna.ao\/rna.ao\/wp-content\/uploads\/2022\/10\/Manuel-Homem-1.jpg\"\n\t\t\t\t\t\tdata-qtmplayer-file=\"https:\/\/rna.ao\/rna.ao\/wp-content\/uploads\/2023\/01\/MANUEL-HOMEM-MACRODRENAGEM.mp3\"\n\t\t\t\t\t\tdata-qtmplayer-title=\"GPL retoma obras do projecto de Macro-drenagem paralisadas desde 2014\"\n\t\t\t\t\t\tdata-qtmplayer-artist=\"RNA\"\n\t\t\t\t\t\tdata-qtmplayer-link=\"https:\/\/rna.ao\/rna.ao\/2023\/01\/27\/gpl-retoma-obras-do-projecto-de-macro-drenagem-paralisadas-desde-2014\/\"\n\t\t\t\t\t\tdata-qtmplayer-icon=\"file_download\"\n\t\t\t\t\t\tdata-qtmplayer-type=\"track\"\n\t\t\t class=\"qtmplayer-play qtmplayer-link-sec qtmplayer-play-btn\"><i class='material-icons'>play_arrow<\/i><\/span>\n\t\t<p>\n\t\t\t<span class=\"qtmplayer-tit\">GPL retoma obras do projecto de Macro-drenagem paralisadas desde 2014<\/span>\n\t\t\t<span class=\"qtmplayer-art\">RNA<\/span>\n\t\t<\/p>\n\t<\/li>\n\t\t<\/ul>\n\t<\/div>\t\t\t\n\t\n<p><b>Fonte: R\u00e1dio Luanda\/RNA<\/b><\/p>\n<p><strong>\u00a0<\/strong><\/p>\n","protected":false},"excerpt":{"rendered":"<p>O Governador de Luanda j\u00e1 tem tra\u00e7adas algumas metas, para este ano. Um dos primeiros pilares, segundo Manuel Homem, \u00e9 continuar a melhorar as condi\u00e7\u00f5es sociais de todos aqueles que escolheram a Prov\u00edncia para viver. Clique no \u00e1udio e ou\u00e7a: O Governador anunciou que, este ano, vai retomar o projecto ...<\/p>\n","protected":false},"author":8,"featured_media":79122,"comment_status":"closed","ping_status":"closed","sticky":false,"template":"","format":"standard","meta":[],"categories":[141,133],"tags":[],"_links":{"self":[{"href":"https:\/\/rna.ao\/rna.ao\/wp-json\/wp\/v2\/posts\/90757"}],"collection":[{"href":"https:\/\/rna.ao\/rna.ao\/wp-json\/wp\/v2\/posts"}],"about":[{"href":"https:\/\/rna.ao\/rna.ao\/wp-json\/wp\/v2\/types\/post"}],"author":[{"embeddable":true,"href":"https:\/\/rna.ao\/rna.ao\/wp-json\/wp\/v2\/users\/8"}],"replies":[{"embeddable":true,"href":"https:\/\/rna.ao\/rna.ao\/wp-json\/wp\/v2\/comments?post=90757"}],"version-history":[{"count":1,"href":"https:\/\/rna.ao\/rna.ao\/wp-json\/wp\/v2\/posts\/90757\/revisions"}],"predecessor-version":[{"id":90761,"href":"https:\/\/rna.ao\/rna.ao\/wp-json\/wp\/v2\/posts\/90757\/revisions\/90761"}],"wp:featuredmedia":[{"embeddable":true,"href":"https:\/\/rna.ao\/rna.ao\/wp-json\/wp\/v2\/media\/79122"}],"wp:attachment":[{"href":"https:\/\/rna.ao\/rna.ao\/wp-json\/wp\/v2\/media?parent=90757"}],"wp:term":[{"taxonomy":"category","embeddable":true,"href":"https:\/\/rna.ao\/rna.ao\/wp-json\/wp\/v2\/categories?post=90757"},{"taxonomy":"post_tag","embeddable":true,"href":"https:\/\/rna.ao\/rna.ao\/wp-json\/wp\/v2\/tags?post=90757"}],"curies":[{"name":"wp","href":"https:\/\/api.w.org\/{rel}","templated":true}]}}