{"id":90375,"date":"2023-01-27T21:16:10","date_gmt":"2023-01-27T20:16:10","guid":{"rendered":"https:\/\/rna.ao\/rna.ao\/?p=90375"},"modified":"2023-01-27T21:16:10","modified_gmt":"2023-01-27T20:16:10","slug":"ministro-de-estado-e-chefe-da-casa-militar-do-presidente-da-republica-mantem-encontro-com-vice-primeiro-ministro-para-politica-externa-da-serviaa","status":"publish","type":"post","link":"https:\/\/rna.ao\/rna.ao\/2023\/01\/27\/ministro-de-estado-e-chefe-da-casa-militar-do-presidente-da-republica-mantem-encontro-com-vice-primeiro-ministro-para-politica-externa-da-serviaa\/","title":{"rendered":"MINISTRO DE ESTADO E CHEFE DA CASA MILITAR DO PRESIDENTE DA REP\u00daBLICA MANT\u00c9M ENCONTRO COM VICE-PRIMEIRO MINISTRO PARA POL\u00cdTICA EXTERNA DA S\u00c9RVIAA"},"content":{"rendered":"<p><img loading=\"lazy\" class=\"alignnone size-medium wp-image-90795\" src=\"https:\/\/rna.ao\/rna.ao\/wp-content\/uploads\/2023\/01\/24D03108-2960-431E-9945-31E197B33A68-770x578.jpeg\" alt=\"\" width=\"770\" height=\"578\" srcset=\"https:\/\/rna.ao\/rna.ao\/wp-content\/uploads\/2023\/01\/24D03108-2960-431E-9945-31E197B33A68-770x578.jpeg 770w, https:\/\/rna.ao\/rna.ao\/wp-content\/uploads\/2023\/01\/24D03108-2960-431E-9945-31E197B33A68-1170x878.jpeg 1170w, https:\/\/rna.ao\/rna.ao\/wp-content\/uploads\/2023\/01\/24D03108-2960-431E-9945-31E197B33A68-768x576.jpeg 768w, https:\/\/rna.ao\/rna.ao\/wp-content\/uploads\/2023\/01\/24D03108-2960-431E-9945-31E197B33A68-1536x1152.jpeg 1536w, https:\/\/rna.ao\/rna.ao\/wp-content\/uploads\/2023\/01\/24D03108-2960-431E-9945-31E197B33A68.jpeg 1600w\" sizes=\"(max-width: 770px) 100vw, 770px\" \/><!--more-->O ministro de Estado e Chefe da Casa Militar do Presidente da Rep\u00fablica, Francisco Furtado, manteve esta sexta-feira, em Belgrado, um encontro com o vice-primeiro ministro para a Pol\u00edtica Externa de Seguran\u00e7a e ministro dos Neg\u00f3cios Estrangeiros da Rep\u00fablica da S\u00e9rvia, Ivica Davi\u0107, no quadro da visita oficial de refor\u00e7o da coopera\u00e7\u00e3o bilateral e militar entre a Rep\u00fablica de Angola e a Rep\u00fablica da S\u00e9rvia, que decorre desde o passado dia 25 at\u00e9 ao dia 28 do m\u00eas em curso.<\/p>\n<p>Durante o encontro, foram abordadas quest\u00f5es de interesse bilateral, tendo, na ocasi\u00e3o, o ministro de Estado angolano efectuado a entrega de uma missiva do Presidente da Rep\u00fablica, Jo\u00e3o Louren\u00e7o, ao hom\u00f3logo s\u00e9rvio, Aleksandar Vu\u010di\u0107.<\/p>\n<p>Num outro momento, o General Francisco Furtado reuniu com o vice-primeiro ministro e ministro da Defesa da Rep\u00fablica da S\u00e9rvia, Milos Vucevi\u0107, com quem abordou o desenvolvimento das rela\u00e7\u00f5es de coopera\u00e7\u00e3o existente entre os dois Estados, a n\u00edvel da Defesa.<\/p>\n<p>Dando seguimento \u00e0 visita \u00e0 S\u00e9rvia, o ministro de Estado angolano manteve, ainda, v\u00e1rios outros encontros com os presidentes das companhias s\u00e9rvias com representa\u00e7\u00e3o em Angola, entre as quais a Yumco, Vlatacom, Jomil, Planum e a Yogoimport, em que aproveitou para dar tratamento \u00e0 quest\u00f5es pendentes e de v\u00e1ria ordem, no dom\u00ednio da defesa e reconstru\u00e7\u00e3o nacional.<\/p>\n<p>Francisco Furtado reuniu, igualmente, com o Decano da Faculdade de Engenharia Mec\u00e2nica, Vladimir Popovi\u0107, tendo abordado aspectos relacionados \u00e0 forma\u00e7\u00e3o de quadros militares angolanos na S\u00e9rvia, bem como apresenta\u00e7\u00e3o de projectos desenvolvidos pela Faculdade de Engenharia Mec\u00e2nica, para uma poss\u00edvel coopera\u00e7\u00e3o com Angola a n\u00edvel comercial e militar.<\/p>\n<p>Na sequ\u00eancia da visita, o ministro de Estado deslocou-se ao pol\u00edgono Nikinci para assistir \u00e0 uma exibi\u00e7\u00e3o do funcionamento de material b\u00e9lico produzido na S\u00e9rvia, e que pode ser comercializado no \u00e2mbito dos acordos bilaterais entre os dois pa\u00edses.<\/p>\n<p>Nesta fase final da visita \u00e0 S\u00e9rvia, Francisco Furtado tem agendado um encontro com os cadetes angolanos em forma\u00e7\u00e3o no Instituto Tecnol\u00f3gico Militar e na Academia Militar da Rep\u00fablica da S\u00e9rvia.<\/p>\n<p>O ministro de Estado fez a oferta de um quadro comemorativo do centen\u00e1rio do nascimento do Presidente Ant\u00f3nio Agostinho Neto, ao secret\u00e1rio de Estado do Minist\u00e9rio da Defesa da S\u00e9rvia Nemanja Sarovi\u0107.<\/p>\n<p>Francisco Furtado fez-se acompanhar na visita a Belgrado pelo secret\u00e1rio de Estado para Ind\u00fastria Militar, Afonso Carlos Neto, embaixador da Rep\u00fablica de Angola na S\u00e9rvia, Alcino Izata da Concei\u00e7\u00e3o, e de altos oficiais superiores das For\u00e7as Armadas Angolanas e da For\u00e7a A\u00e9rea Nacional.<\/p>\n","protected":false},"excerpt":{"rendered":"","protected":false},"author":8,"featured_media":90795,"comment_status":"closed","ping_status":"closed","sticky":false,"template":"","format":"standard","meta":[],"categories":[142,121,163,1],"tags":[],"_links":{"self":[{"href":"https:\/\/rna.ao\/rna.ao\/wp-json\/wp\/v2\/posts\/90375"}],"collection":[{"href":"https:\/\/rna.ao\/rna.ao\/wp-json\/wp\/v2\/posts"}],"about":[{"href":"https:\/\/rna.ao\/rna.ao\/wp-json\/wp\/v2\/types\/post"}],"author":[{"embeddable":true,"href":"https:\/\/rna.ao\/rna.ao\/wp-json\/wp\/v2\/users\/8"}],"replies":[{"embeddable":true,"href":"https:\/\/rna.ao\/rna.ao\/wp-json\/wp\/v2\/comments?post=90375"}],"version-history":[{"count":2,"href":"https:\/\/rna.ao\/rna.ao\/wp-json\/wp\/v2\/posts\/90375\/revisions"}],"predecessor-version":[{"id":90796,"href":"https:\/\/rna.ao\/rna.ao\/wp-json\/wp\/v2\/posts\/90375\/revisions\/90796"}],"wp:featuredmedia":[{"embeddable":true,"href":"https:\/\/rna.ao\/rna.ao\/wp-json\/wp\/v2\/media\/90795"}],"wp:attachment":[{"href":"https:\/\/rna.ao\/rna.ao\/wp-json\/wp\/v2\/media?parent=90375"}],"wp:term":[{"taxonomy":"category","embeddable":true,"href":"https:\/\/rna.ao\/rna.ao\/wp-json\/wp\/v2\/categories?post=90375"},{"taxonomy":"post_tag","embeddable":true,"href":"https:\/\/rna.ao\/rna.ao\/wp-json\/wp\/v2\/tags?post=90375"}],"curies":[{"name":"wp","href":"https:\/\/api.w.org\/{rel}","templated":true}]}}