{"id":8953,"date":"2020-10-21T08:04:58","date_gmt":"2020-10-21T07:04:58","guid":{"rendered":"https:\/\/rna.ao\/rna.ao\/?p=8953"},"modified":"2020-10-21T09:28:20","modified_gmt":"2020-10-21T08:28:20","slug":"cidade-de-menongue-assinala-59-anos","status":"publish","type":"post","link":"https:\/\/rna.ao\/rna.ao\/2020\/10\/21\/cidade-de-menongue-assinala-59-anos\/","title":{"rendered":"Covid-19 provoca crescimento em Angola e no mundo do com\u00e9rcio electr\u00f3nico"},"content":{"rendered":"<p><img loading=\"lazy\" class=\"wp-image-8980 aligncenter\" src=\"https:\/\/rna.ao\/rna.ao\/wp-content\/uploads\/2020\/10\/cmprOn-770x481.jpg\" alt=\"\" width=\"539\" height=\"337\" srcset=\"https:\/\/rna.ao\/rna.ao\/wp-content\/uploads\/2020\/10\/cmprOn-770x481.jpg 770w, https:\/\/rna.ao\/rna.ao\/wp-content\/uploads\/2020\/10\/cmprOn-768x480.jpg 768w, https:\/\/rna.ao\/rna.ao\/wp-content\/uploads\/2020\/10\/cmprOn.jpg 800w\" sizes=\"(max-width: 539px) 100vw, 539px\" \/><\/p>\n<p>O com\u00e9rcio f\u00edsico, habitualmente, promovido pela interec\u00e7\u00e3o entre vendedores e compradores no mesmo espa\u00e7o registou uma queda no Mundo, e em Angola, motivado pelos impactos da pandemia da Covid-19, dando, consequentemente, espa\u00e7o de crescimento para o com\u00e9rcio feito a dist\u00e2ncia, ou seja, o com\u00e9rcio electr\u00f3nico. Clique na pe\u00e7a de \u00e1udio em baixo para ouvir:<\/p>\n\t<div class=\"qtmplayer-playlist-large\">\n\t\t<ul class=\"qtmplayer-playlist\">\n\t\t\t\n\t\t\t\t\t<li class=\"qtmplayer-trackitem\">\n\t\t<img src=\"https:\/\/rna.ao\/rna.ao\/wp-content\/uploads\/2020\/10\/cmprOn-100x100.jpg\" alt=\"cover\">\t\t<span \t\t\tdata-qtmplayer-cover=\"https:\/\/rna.ao\/rna.ao\/wp-content\/uploads\/2020\/10\/cmprOn-370x370.jpg\"\n\t\t\t\t\t\tdata-qtmplayer-file=\"https:\/\/rna.ao\/rna.ao\/wp-content\/uploads\/2020\/10\/ec.mp3\"\n\t\t\t\t\t\tdata-qtmplayer-title=\"Covid-19 provoca crescimento em Angola e no mundo do com\u00e9rcio electr\u00f3nico\"\n\t\t\t\t\t\tdata-qtmplayer-artist=\"RNA\"\n\t\t\t\t\t\tdata-qtmplayer-link=\"https:\/\/rna.ao\/rna.ao\/2020\/10\/21\/cidade-de-menongue-assinala-59-anos\/\"\n\t\t\t\t\t\tdata-qtmplayer-icon=\"file_download\"\n\t\t\t\t\t\tdata-qtmplayer-type=\"track\"\n\t\t\t class=\"qtmplayer-play qtmplayer-link-sec qtmplayer-play-btn\"><i class='material-icons'>play_arrow<\/i><\/span>\n\t\t<p>\n\t\t\t<span class=\"qtmplayer-tit\">Covid-19 provoca crescimento em Angola e no mundo do com\u00e9rcio electr\u00f3nico<\/span>\n\t\t\t<span class=\"qtmplayer-art\">RNA<\/span>\n\t\t<\/p>\n\t<\/li>\n\t\t<\/ul>\n\t<\/div>\t\t\t\n\t\n<p>Fonte: RNA &#8211; Jornalista, Neusa e Silva<\/p>\n","protected":false},"excerpt":{"rendered":"<p>O com\u00e9rcio f\u00edsico, habitualmente, promovido pela interec\u00e7\u00e3o entre vendedores e compradores no mesmo espa\u00e7o registou uma queda no Mundo, e em Angola, motivado pelos impactos da pandemia da Covid-19, dando, consequentemente, espa\u00e7o de crescimento para o com\u00e9rcio feito a dist\u00e2ncia, ou seja, o com\u00e9rcio electr\u00f3nico. Clique na pe\u00e7a de \u00e1udio ...<\/p>\n","protected":false},"author":8,"featured_media":8980,"comment_status":"closed","ping_status":"closed","sticky":false,"template":"","format":"standard","meta":[],"categories":[164],"tags":[],"_links":{"self":[{"href":"https:\/\/rna.ao\/rna.ao\/wp-json\/wp\/v2\/posts\/8953"}],"collection":[{"href":"https:\/\/rna.ao\/rna.ao\/wp-json\/wp\/v2\/posts"}],"about":[{"href":"https:\/\/rna.ao\/rna.ao\/wp-json\/wp\/v2\/types\/post"}],"author":[{"embeddable":true,"href":"https:\/\/rna.ao\/rna.ao\/wp-json\/wp\/v2\/users\/8"}],"replies":[{"embeddable":true,"href":"https:\/\/rna.ao\/rna.ao\/wp-json\/wp\/v2\/comments?post=8953"}],"version-history":[{"count":3,"href":"https:\/\/rna.ao\/rna.ao\/wp-json\/wp\/v2\/posts\/8953\/revisions"}],"predecessor-version":[{"id":8983,"href":"https:\/\/rna.ao\/rna.ao\/wp-json\/wp\/v2\/posts\/8953\/revisions\/8983"}],"wp:featuredmedia":[{"embeddable":true,"href":"https:\/\/rna.ao\/rna.ao\/wp-json\/wp\/v2\/media\/8980"}],"wp:attachment":[{"href":"https:\/\/rna.ao\/rna.ao\/wp-json\/wp\/v2\/media?parent=8953"}],"wp:term":[{"taxonomy":"category","embeddable":true,"href":"https:\/\/rna.ao\/rna.ao\/wp-json\/wp\/v2\/categories?post=8953"},{"taxonomy":"post_tag","embeddable":true,"href":"https:\/\/rna.ao\/rna.ao\/wp-json\/wp\/v2\/tags?post=8953"}],"curies":[{"name":"wp","href":"https:\/\/api.w.org\/{rel}","templated":true}]}}