{"id":8947,"date":"2020-10-21T08:37:05","date_gmt":"2020-10-21T07:37:05","guid":{"rendered":"https:\/\/rna.ao\/rna.ao\/?p=8947"},"modified":"2020-10-21T09:30:52","modified_gmt":"2020-10-21T08:30:52","slug":"bie-mais-de-cem-familias-agricolas-serao-apoiadas-pelo-governo-na-epoca-2020-21","status":"publish","type":"post","link":"https:\/\/rna.ao\/rna.ao\/2020\/10\/21\/bie-mais-de-cem-familias-agricolas-serao-apoiadas-pelo-governo-na-epoca-2020-21\/","title":{"rendered":"Bi\u00e9: Mais de cem fam\u00edlias agr\u00edcolas ser\u00e3o apoiadas pelo Governo na \u00e9poca 2020-21"},"content":{"rendered":"<p><img loading=\"lazy\" class=\"wp-image-8950 alignleft\" src=\"https:\/\/rna.ao\/rna.ao\/wp-content\/uploads\/2020\/10\/govBi.jpg\" alt=\"\" width=\"183\" height=\"131\" \/>Provincial do Bi\u00e9, a fim de relan\u00e7ar a sua produ\u00e7\u00e3o nesta \u00e9poca 2020-21, onde se prev\u00ea cultivar 477 mil hectares, e colher mais de 300 mil toneladas de produtos diversos. Clique na pe\u00e7a de Reportagem em baixo para ouvir:<\/p>\n\t<div class=\"qtmplayer-playlist-large\">\n\t\t<ul class=\"qtmplayer-playlist\">\n\t\t\t\n\t\t\t\t\t<li class=\"qtmplayer-trackitem\">\n\t\t<img src=\"https:\/\/rna.ao\/rna.ao\/wp-content\/uploads\/2020\/10\/govBi-100x100.jpg\" alt=\"cover\">\t\t<span \t\t\tdata-qtmplayer-cover=\"https:\/\/rna.ao\/rna.ao\/wp-content\/uploads\/2020\/10\/govBi.jpg\"\n\t\t\t\t\t\tdata-qtmplayer-file=\"https:\/\/rna.ao\/rna.ao\/wp-content\/uploads\/2020\/10\/BIE-FAMILIAS-CAMPONESAS-9-H-00.mp3\"\n\t\t\t\t\t\tdata-qtmplayer-title=\"Bi\u00e9: Mais de cem fam\u00edlias agr\u00edcolas ser\u00e3o apoiadas pelo Governo na \u00e9poca 2020-21\"\n\t\t\t\t\t\tdata-qtmplayer-artist=\"RNA\"\n\t\t\t\t\t\tdata-qtmplayer-link=\"https:\/\/rna.ao\/rna.ao\/2020\/10\/21\/bie-mais-de-cem-familias-agricolas-serao-apoiadas-pelo-governo-na-epoca-2020-21\/\"\n\t\t\t\t\t\tdata-qtmplayer-icon=\"file_download\"\n\t\t\t\t\t\tdata-qtmplayer-type=\"track\"\n\t\t\t class=\"qtmplayer-play qtmplayer-link-sec qtmplayer-play-btn\"><i class='material-icons'>play_arrow<\/i><\/span>\n\t\t<p>\n\t\t\t<span class=\"qtmplayer-tit\">Bi\u00e9: Mais de cem fam\u00edlias agr\u00edcolas ser\u00e3o apoiadas pelo Governo na \u00e9poca 2020-21<\/span>\n\t\t\t<span class=\"qtmplayer-art\">RNA<\/span>\n\t\t<\/p>\n\t<\/li>\n\t\t<\/ul>\n\t<\/div>\t\t\t\n\t\n<p>Fonte: RNA-Jornalista, Martinho Anselmo Kanequela e Waldemar Buta<\/p>\n","protected":false},"excerpt":{"rendered":"<p>Provincial do Bi\u00e9, a fim de relan\u00e7ar a sua produ\u00e7\u00e3o nesta \u00e9poca 2020-21, onde se prev\u00ea cultivar 477 mil hectares, e colher mais de 300 mil toneladas de produtos diversos. Clique na pe\u00e7a de Reportagem em baixo para ouvir: Fonte: RNA-Jornalista, Martinho Anselmo Kanequela e Waldemar Buta<\/p>\n","protected":false},"author":8,"featured_media":8950,"comment_status":"closed","ping_status":"closed","sticky":false,"template":"","format":"standard","meta":[],"categories":[163],"tags":[],"_links":{"self":[{"href":"https:\/\/rna.ao\/rna.ao\/wp-json\/wp\/v2\/posts\/8947"}],"collection":[{"href":"https:\/\/rna.ao\/rna.ao\/wp-json\/wp\/v2\/posts"}],"about":[{"href":"https:\/\/rna.ao\/rna.ao\/wp-json\/wp\/v2\/types\/post"}],"author":[{"embeddable":true,"href":"https:\/\/rna.ao\/rna.ao\/wp-json\/wp\/v2\/users\/8"}],"replies":[{"embeddable":true,"href":"https:\/\/rna.ao\/rna.ao\/wp-json\/wp\/v2\/comments?post=8947"}],"version-history":[{"count":3,"href":"https:\/\/rna.ao\/rna.ao\/wp-json\/wp\/v2\/posts\/8947\/revisions"}],"predecessor-version":[{"id":8988,"href":"https:\/\/rna.ao\/rna.ao\/wp-json\/wp\/v2\/posts\/8947\/revisions\/8988"}],"wp:featuredmedia":[{"embeddable":true,"href":"https:\/\/rna.ao\/rna.ao\/wp-json\/wp\/v2\/media\/8950"}],"wp:attachment":[{"href":"https:\/\/rna.ao\/rna.ao\/wp-json\/wp\/v2\/media?parent=8947"}],"wp:term":[{"taxonomy":"category","embeddable":true,"href":"https:\/\/rna.ao\/rna.ao\/wp-json\/wp\/v2\/categories?post=8947"},{"taxonomy":"post_tag","embeddable":true,"href":"https:\/\/rna.ao\/rna.ao\/wp-json\/wp\/v2\/tags?post=8947"}],"curies":[{"name":"wp","href":"https:\/\/api.w.org\/{rel}","templated":true}]}}