{"id":8939,"date":"2020-10-21T08:26:20","date_gmt":"2020-10-21T07:26:20","guid":{"rendered":"https:\/\/rna.ao\/rna.ao\/?p=8939"},"modified":"2020-10-21T08:26:20","modified_gmt":"2020-10-21T07:26:20","slug":"le-pays-ne-peut-pas-sarreter-face-au-covid-19","status":"publish","type":"post","link":"https:\/\/rna.ao\/rna.ao\/2020\/10\/21\/le-pays-ne-peut-pas-sarreter-face-au-covid-19\/","title":{"rendered":"Le pays ne peut pas s\u2019arr\u00ebter face au covid-19"},"content":{"rendered":"<p><img loading=\"lazy\" class=\"size-full wp-image-7385 alignleft\" src=\"https:\/\/rna.ao\/rna.ao\/wp-content\/uploads\/2020\/10\/camp.jpg\" alt=\"\" width=\"405\" height=\"218\" \/><\/p>\n<p>Le pays ne peut pas s\u2019arr\u00eater face \u00e0 la crise sanitaire.<\/p>\n<p>Le moment est \u00e0 la r\u00e9invation pour contourner les obstacles en cette p\u00e9riode crise, notamment dans le domaine agricole, a soulign\u00e9 l\u2019agronome, Geraldo Basilua.<\/p>\n<p>Pour ce faire, l\u2019agronome Geraldo Basilua, lance un appel \u00e0 tous ceux qui ont appris quelque chose sur comment produire les aliments de se mettre au travail pour produire et aider le pays.<\/p>\n\t<div class=\"qtmplayer-playlist-large\">\n\t\t<ul class=\"qtmplayer-playlist\">\n\t\t\t\n\t\t\t\t\t<li class=\"qtmplayer-trackitem\">\n\t\t<img src=\"https:\/\/rna.ao\/rna.ao\/wp-content\/uploads\/2020\/10\/camp-100x100.jpg\" alt=\"cover\">\t\t<span \t\t\tdata-qtmplayer-cover=\"https:\/\/rna.ao\/rna.ao\/wp-content\/uploads\/2020\/10\/camp.jpg\"\n\t\t\t\t\t\tdata-qtmplayer-file=\"https:\/\/rna.ao\/rna.ao\/wp-content\/uploads\/2020\/10\/GERALDO-BASILUA.mp3\"\n\t\t\t\t\t\tdata-qtmplayer-title=\"Le pays ne peut pas s\u2019arr\u00ebter face au covid-19\"\n\t\t\t\t\t\tdata-qtmplayer-artist=\"RNA\"\n\t\t\t\t\t\tdata-qtmplayer-link=\"https:\/\/rna.ao\/rna.ao\/2020\/10\/21\/le-pays-ne-peut-pas-sarreter-face-au-covid-19\/\"\n\t\t\t\t\t\tdata-qtmplayer-icon=\"file_download\"\n\t\t\t\t\t\tdata-qtmplayer-type=\"track\"\n\t\t\t class=\"qtmplayer-play qtmplayer-link-sec qtmplayer-play-btn\"><i class='material-icons'>play_arrow<\/i><\/span>\n\t\t<p>\n\t\t\t<span class=\"qtmplayer-tit\">Le pays ne peut pas s\u2019arr\u00ebter face au covid-19<\/span>\n\t\t\t<span class=\"qtmplayer-art\">RNA<\/span>\n\t\t<\/p>\n\t<\/li>\n\t\t<\/ul>\n\t<\/div>\t\t\t\n\t\n<p>Par Candida Mendes<\/p>\n","protected":false},"excerpt":{"rendered":"<p>Le pays ne peut pas s\u2019arr\u00eater face \u00e0 la crise sanitaire. Le moment est \u00e0 la r\u00e9invation pour contourner les obstacles en cette p\u00e9riode crise, notamment dans le domaine agricole, a soulign\u00e9 l\u2019agronome, Geraldo Basilua. Pour ce faire, l\u2019agronome Geraldo Basilua, lance un appel \u00e0 tous ceux qui ont appris ...<\/p>\n","protected":false},"author":8,"featured_media":7385,"comment_status":"closed","ping_status":"closed","sticky":false,"template":"","format":"standard","meta":[],"categories":[137],"tags":[],"_links":{"self":[{"href":"https:\/\/rna.ao\/rna.ao\/wp-json\/wp\/v2\/posts\/8939"}],"collection":[{"href":"https:\/\/rna.ao\/rna.ao\/wp-json\/wp\/v2\/posts"}],"about":[{"href":"https:\/\/rna.ao\/rna.ao\/wp-json\/wp\/v2\/types\/post"}],"author":[{"embeddable":true,"href":"https:\/\/rna.ao\/rna.ao\/wp-json\/wp\/v2\/users\/8"}],"replies":[{"embeddable":true,"href":"https:\/\/rna.ao\/rna.ao\/wp-json\/wp\/v2\/comments?post=8939"}],"version-history":[{"count":1,"href":"https:\/\/rna.ao\/rna.ao\/wp-json\/wp\/v2\/posts\/8939\/revisions"}],"predecessor-version":[{"id":8941,"href":"https:\/\/rna.ao\/rna.ao\/wp-json\/wp\/v2\/posts\/8939\/revisions\/8941"}],"wp:featuredmedia":[{"embeddable":true,"href":"https:\/\/rna.ao\/rna.ao\/wp-json\/wp\/v2\/media\/7385"}],"wp:attachment":[{"href":"https:\/\/rna.ao\/rna.ao\/wp-json\/wp\/v2\/media?parent=8939"}],"wp:term":[{"taxonomy":"category","embeddable":true,"href":"https:\/\/rna.ao\/rna.ao\/wp-json\/wp\/v2\/categories?post=8939"},{"taxonomy":"post_tag","embeddable":true,"href":"https:\/\/rna.ao\/rna.ao\/wp-json\/wp\/v2\/tags?post=8939"}],"curies":[{"name":"wp","href":"https:\/\/api.w.org\/{rel}","templated":true}]}}