{"id":8927,"date":"2020-10-21T08:14:40","date_gmt":"2020-10-21T07:14:40","guid":{"rendered":"https:\/\/rna.ao\/rna.ao\/?p=8927"},"modified":"2020-10-21T08:14:40","modified_gmt":"2020-10-21T07:14:40","slug":"les-faiblesses-des-etats-africains-se-font-valoir-au-sahel-21-10-20","status":"publish","type":"post","link":"https:\/\/rna.ao\/rna.ao\/2020\/10\/21\/les-faiblesses-des-etats-africains-se-font-valoir-au-sahel-21-10-20\/","title":{"rendered":"Les faiblesses des etats africains se font valoir au sahel-21 10 20"},"content":{"rendered":"<p><img loading=\"lazy\" class=\"wp-image-8930 alignleft\" src=\"https:\/\/rna.ao\/rna.ao\/wp-content\/uploads\/2020\/10\/Sahel-region.jpg\" alt=\"\" width=\"294\" height=\"180\" \/><\/p>\n<p>La r\u00e9cente crise libyenne a exacerb\u00e9 l\u2019ins\u00e9curit\u00e9 multidimensionnelle des populations vivant dans l\u2019espace sah\u00e9lo-saharien ,notamment au Mali.<\/p>\n<p>Cette crise a mis en exergue la faiblesse des Etats et aussi la n\u00e9cessit\u00e9 d\u2019une coop\u00e9ration r\u00e9gionale, notamment entre le Maghreb et l\u2019Afrique de l\u2019Ouest pour relever ensemble les d\u00e9fis communs dans la lutte contre le terrorisme,selon l\u2019analyste politique,Joao Gomes Gon\u00e7alves.<\/p>\n\t<div class=\"qtmplayer-playlist-large\">\n\t\t<ul class=\"qtmplayer-playlist\">\n\t\t\t\n\t\t\t\t\t<li class=\"qtmplayer-trackitem\">\n\t\t<img src=\"https:\/\/rna.ao\/rna.ao\/wp-content\/uploads\/2020\/10\/Sahel-region-100x100.jpg\" alt=\"cover\">\t\t<span \t\t\tdata-qtmplayer-cover=\"https:\/\/rna.ao\/rna.ao\/wp-content\/uploads\/2020\/10\/Sahel-region-370x370.jpg\"\n\t\t\t\t\t\tdata-qtmplayer-file=\"https:\/\/rna.ao\/rna.ao\/wp-content\/uploads\/2020\/10\/JGGONCALVES-SAHEL-21-10-20.mp3\"\n\t\t\t\t\t\tdata-qtmplayer-title=\"Les faiblesses des etats africains se font valoir au sahel-21 10 20\"\n\t\t\t\t\t\tdata-qtmplayer-artist=\"RNA\"\n\t\t\t\t\t\tdata-qtmplayer-link=\"https:\/\/rna.ao\/rna.ao\/2020\/10\/21\/les-faiblesses-des-etats-africains-se-font-valoir-au-sahel-21-10-20\/\"\n\t\t\t\t\t\tdata-qtmplayer-icon=\"file_download\"\n\t\t\t\t\t\tdata-qtmplayer-type=\"track\"\n\t\t\t class=\"qtmplayer-play qtmplayer-link-sec qtmplayer-play-btn\"><i class='material-icons'>play_arrow<\/i><\/span>\n\t\t<p>\n\t\t\t<span class=\"qtmplayer-tit\">Les faiblesses des etats africains se font valoir au sahel-21 10 20<\/span>\n\t\t\t<span class=\"qtmplayer-art\">RNA<\/span>\n\t\t<\/p>\n\t<\/li>\n\t\t<\/ul>\n\t<\/div>\t\t\t\n\t\n","protected":false},"excerpt":{"rendered":"<p>La r\u00e9cente crise libyenne a exacerb\u00e9 l\u2019ins\u00e9curit\u00e9 multidimensionnelle des populations vivant dans l\u2019espace sah\u00e9lo-saharien ,notamment au Mali. Cette crise a mis en exergue la faiblesse des Etats et aussi la n\u00e9cessit\u00e9 d\u2019une coop\u00e9ration r\u00e9gionale, notamment entre le Maghreb et l\u2019Afrique de l\u2019Ouest pour relever ensemble les d\u00e9fis communs dans la ...<\/p>\n","protected":false},"author":8,"featured_media":8930,"comment_status":"closed","ping_status":"closed","sticky":false,"template":"","format":"standard","meta":[],"categories":[137],"tags":[],"_links":{"self":[{"href":"https:\/\/rna.ao\/rna.ao\/wp-json\/wp\/v2\/posts\/8927"}],"collection":[{"href":"https:\/\/rna.ao\/rna.ao\/wp-json\/wp\/v2\/posts"}],"about":[{"href":"https:\/\/rna.ao\/rna.ao\/wp-json\/wp\/v2\/types\/post"}],"author":[{"embeddable":true,"href":"https:\/\/rna.ao\/rna.ao\/wp-json\/wp\/v2\/users\/8"}],"replies":[{"embeddable":true,"href":"https:\/\/rna.ao\/rna.ao\/wp-json\/wp\/v2\/comments?post=8927"}],"version-history":[{"count":1,"href":"https:\/\/rna.ao\/rna.ao\/wp-json\/wp\/v2\/posts\/8927\/revisions"}],"predecessor-version":[{"id":8931,"href":"https:\/\/rna.ao\/rna.ao\/wp-json\/wp\/v2\/posts\/8927\/revisions\/8931"}],"wp:featuredmedia":[{"embeddable":true,"href":"https:\/\/rna.ao\/rna.ao\/wp-json\/wp\/v2\/media\/8930"}],"wp:attachment":[{"href":"https:\/\/rna.ao\/rna.ao\/wp-json\/wp\/v2\/media?parent=8927"}],"wp:term":[{"taxonomy":"category","embeddable":true,"href":"https:\/\/rna.ao\/rna.ao\/wp-json\/wp\/v2\/categories?post=8927"},{"taxonomy":"post_tag","embeddable":true,"href":"https:\/\/rna.ao\/rna.ao\/wp-json\/wp\/v2\/tags?post=8927"}],"curies":[{"name":"wp","href":"https:\/\/api.w.org\/{rel}","templated":true}]}}