{"id":8911,"date":"2020-10-21T07:50:43","date_gmt":"2020-10-21T06:50:43","guid":{"rendered":"https:\/\/rna.ao\/rna.ao\/?p=8911"},"modified":"2020-10-21T09:31:50","modified_gmt":"2020-10-21T08:31:50","slug":"panguila-e-barra-do-dande-assolados-pela-venda-ilegal-de-terrenos","status":"publish","type":"post","link":"https:\/\/rna.ao\/rna.ao\/2020\/10\/21\/panguila-e-barra-do-dande-assolados-pela-venda-ilegal-de-terrenos\/","title":{"rendered":"Panguila e Barra do Dande assolados pela venda ilegal de terrenos"},"content":{"rendered":"<p><img loading=\"lazy\" class=\"size-full wp-image-8935 alignleft\" src=\"https:\/\/rna.ao\/rna.ao\/wp-content\/uploads\/2020\/10\/pguil.jpg\" alt=\"\" width=\"322\" height=\"156\" \/>Autoridades tradicionais e funcion\u00e1rios p\u00fablicos foram acusados de estarem por detr\u00e1s da venda ilegal de terrenos nas regi\u00f5es do Panguila, e Barra do Dande, no Bengo, de acordo com den\u00fancias da administra\u00e7\u00e3o local, reportou a RNA, quarta-feira, 21\/10. Clique na pe\u00e7a de Reportagem em baixo para ouvir:<\/p>\n\t<div class=\"qtmplayer-playlist-large\">\n\t\t<ul class=\"qtmplayer-playlist\">\n\t\t\t\n\t\t\t\t\t<li class=\"qtmplayer-trackitem\">\n\t\t<img src=\"https:\/\/rna.ao\/rna.ao\/wp-content\/uploads\/2020\/10\/pguil-100x100.jpg\" alt=\"cover\">\t\t<span \t\t\tdata-qtmplayer-cover=\"https:\/\/rna.ao\/rna.ao\/wp-content\/uploads\/2020\/10\/pguil.jpg\"\n\t\t\t\t\t\tdata-qtmplayer-file=\"https:\/\/rna.ao\/rna.ao\/wp-content\/uploads\/2020\/10\/bng.mp3\"\n\t\t\t\t\t\tdata-qtmplayer-title=\"Panguila e Barra do Dande assolados pela venda ilegal de terrenos\"\n\t\t\t\t\t\tdata-qtmplayer-artist=\"RNA\"\n\t\t\t\t\t\tdata-qtmplayer-link=\"https:\/\/rna.ao\/rna.ao\/2020\/10\/21\/panguila-e-barra-do-dande-assolados-pela-venda-ilegal-de-terrenos\/\"\n\t\t\t\t\t\tdata-qtmplayer-icon=\"file_download\"\n\t\t\t\t\t\tdata-qtmplayer-type=\"track\"\n\t\t\t class=\"qtmplayer-play qtmplayer-link-sec qtmplayer-play-btn\"><i class='material-icons'>play_arrow<\/i><\/span>\n\t\t<p>\n\t\t\t<span class=\"qtmplayer-tit\">Panguila e Barra do Dande assolados pela venda ilegal de terrenos<\/span>\n\t\t\t<span class=\"qtmplayer-art\">RNA<\/span>\n\t\t<\/p>\n\t<\/li>\n\t\t<\/ul>\n\t<\/div>\t\t\t\n\t\n<p>Fonte: RNA- Jornalista, Eduardo Mota e Jo\u00e3o Mendes<\/p>\n<p>&nbsp;<\/p>\n","protected":false},"excerpt":{"rendered":"<p>Autoridades tradicionais e funcion\u00e1rios p\u00fablicos foram acusados de estarem por detr\u00e1s da venda ilegal de terrenos nas regi\u00f5es do Panguila, e Barra do Dande, no Bengo, de acordo com den\u00fancias da administra\u00e7\u00e3o local, reportou a RNA, quarta-feira, 21\/10. Clique na pe\u00e7a de Reportagem em baixo para ouvir: Fonte: RNA- Jornalista, ...<\/p>\n","protected":false},"author":8,"featured_media":8935,"comment_status":"closed","ping_status":"closed","sticky":false,"template":"","format":"standard","meta":[],"categories":[163],"tags":[],"_links":{"self":[{"href":"https:\/\/rna.ao\/rna.ao\/wp-json\/wp\/v2\/posts\/8911"}],"collection":[{"href":"https:\/\/rna.ao\/rna.ao\/wp-json\/wp\/v2\/posts"}],"about":[{"href":"https:\/\/rna.ao\/rna.ao\/wp-json\/wp\/v2\/types\/post"}],"author":[{"embeddable":true,"href":"https:\/\/rna.ao\/rna.ao\/wp-json\/wp\/v2\/users\/8"}],"replies":[{"embeddable":true,"href":"https:\/\/rna.ao\/rna.ao\/wp-json\/wp\/v2\/comments?post=8911"}],"version-history":[{"count":4,"href":"https:\/\/rna.ao\/rna.ao\/wp-json\/wp\/v2\/posts\/8911\/revisions"}],"predecessor-version":[{"id":8989,"href":"https:\/\/rna.ao\/rna.ao\/wp-json\/wp\/v2\/posts\/8911\/revisions\/8989"}],"wp:featuredmedia":[{"embeddable":true,"href":"https:\/\/rna.ao\/rna.ao\/wp-json\/wp\/v2\/media\/8935"}],"wp:attachment":[{"href":"https:\/\/rna.ao\/rna.ao\/wp-json\/wp\/v2\/media?parent=8911"}],"wp:term":[{"taxonomy":"category","embeddable":true,"href":"https:\/\/rna.ao\/rna.ao\/wp-json\/wp\/v2\/categories?post=8911"},{"taxonomy":"post_tag","embeddable":true,"href":"https:\/\/rna.ao\/rna.ao\/wp-json\/wp\/v2\/tags?post=8911"}],"curies":[{"name":"wp","href":"https:\/\/api.w.org\/{rel}","templated":true}]}}