{"id":8910,"date":"2020-10-21T07:58:46","date_gmt":"2020-10-21T06:58:46","guid":{"rendered":"https:\/\/rna.ao\/rna.ao\/?p=8910"},"modified":"2020-10-21T07:58:46","modified_gmt":"2020-10-21T06:58:46","slug":"clima-tenso-na-cote-divoire-violentas-manifestacoes-e-mortes-em-vesperas-de-eleicoes","status":"publish","type":"post","link":"https:\/\/rna.ao\/rna.ao\/2020\/10\/21\/clima-tenso-na-cote-divoire-violentas-manifestacoes-e-mortes-em-vesperas-de-eleicoes\/","title":{"rendered":"Clima tenso na Cote D&#8217;Ivoire violentas manifesta\u00e7\u00f5es e mortes em v\u00e9speras de elei\u00e7\u00f5es."},"content":{"rendered":"<p><img loading=\"lazy\" class=\"size-full wp-image-8916 alignleft\" src=\"https:\/\/rna.ao\/rna.ao\/wp-content\/uploads\/2020\/10\/Lutina-Santos-1.jpg\" alt=\"\" width=\"275\" height=\"183\" \/><\/p>\n<p>Em v\u00e9speras\u00a0\u00a0 das elei\u00e7\u00f5es na Cote D&#8217;Ivoire previstas para o dia 30 de outubro de 2020, o pa\u00eds\u00a0\u00a0 est\u00e1 mergulhado num\u00a0\u00a0 clima\u00a0\u00a0 tens\u00e3o.\u00a0\u00a0 A confus\u00e3o\u00a0\u00a0 instalou-se quando o Presidente, Alassane Ouatar\u00e1, alterou a constitui\u00e7\u00e3o\u00a0\u00a0 para concorrer \u00e0 um terceiro mandato.<\/p>\n<p>A oposi\u00e7\u00e3o n\u00e3o aceita e como resultado registam-se violentas manifesta\u00e7\u00f5es que j\u00e1 provocaram\u00a0\u00a0 v\u00e1rios\u00a0\u00a0 mortos.<\/p>\n<p>O analista politico,\u00a0 \u00a0Lutina\u00a0\u00a0 Santos (na foto), ajuda-nos\u00a0\u00a0 a compreender o que se passa realmente na Cote Divo ire quando\u00a0\u00a0 faltam poucos dias para a realiza\u00e7\u00e3o\u00a0\u00a0 do pleito eleitoral.<\/p>\n\t<div class=\"qtmplayer-playlist-large\">\n\t\t<ul class=\"qtmplayer-playlist\">\n\t\t\t\n\t\t\t\t\t<li class=\"qtmplayer-trackitem\">\n\t\t<img src=\"https:\/\/rna.ao\/rna.ao\/wp-content\/uploads\/2020\/10\/Alassane-Ouattara-100x100.jpg\" alt=\"cover\">\t\t<span \t\t\tdata-qtmplayer-cover=\"https:\/\/rna.ao\/rna.ao\/wp-content\/uploads\/2020\/10\/Alassane-Ouattara-370x370.jpg\"\n\t\t\t\t\t\tdata-qtmplayer-file=\"https:\/\/rna.ao\/rna.ao\/wp-content\/uploads\/2020\/10\/ANALISTA-POLITICO-LUTINA-SANTOS.mp3\"\n\t\t\t\t\t\tdata-qtmplayer-title=\"Clima tenso na Cote D&#8217;Ivoire violentas manifesta\u00e7\u00f5es e mortes em v\u00e9speras de elei\u00e7\u00f5es.\"\n\t\t\t\t\t\tdata-qtmplayer-artist=\"RNA\"\n\t\t\t\t\t\tdata-qtmplayer-link=\"https:\/\/rna.ao\/rna.ao\/2020\/10\/21\/clima-tenso-na-cote-divoire-violentas-manifestacoes-e-mortes-em-vesperas-de-eleicoes\/\"\n\t\t\t\t\t\tdata-qtmplayer-icon=\"file_download\"\n\t\t\t\t\t\tdata-qtmplayer-type=\"track\"\n\t\t\t class=\"qtmplayer-play qtmplayer-link-sec qtmplayer-play-btn\"><i class='material-icons'>play_arrow<\/i><\/span>\n\t\t<p>\n\t\t\t<span class=\"qtmplayer-tit\">Clima tenso na Cote D&#8217;Ivoire violentas manifesta\u00e7\u00f5es e mortes em v\u00e9speras de elei\u00e7\u00f5es.<\/span>\n\t\t\t<span class=\"qtmplayer-art\">RNA<\/span>\n\t\t<\/p>\n\t<\/li>\n\t\t<\/ul>\n\t<\/div>\t\t\t\n\t\n<p>Fonte: Canal Internacional\/RNA &#8211;\u00a0 Alberto de Jesus.<\/p>\n","protected":false},"excerpt":{"rendered":"<p>Em v\u00e9speras\u00a0\u00a0 das elei\u00e7\u00f5es na Cote D&#8217;Ivoire previstas para o dia 30 de outubro de 2020, o pa\u00eds\u00a0\u00a0 est\u00e1 mergulhado num\u00a0\u00a0 clima\u00a0\u00a0 tens\u00e3o.\u00a0\u00a0 A confus\u00e3o\u00a0\u00a0 instalou-se quando o Presidente, Alassane Ouatar\u00e1, alterou a constitui\u00e7\u00e3o\u00a0\u00a0 para concorrer \u00e0 um terceiro mandato. A oposi\u00e7\u00e3o n\u00e3o aceita e como resultado registam-se violentas manifesta\u00e7\u00f5es ...<\/p>\n","protected":false},"author":8,"featured_media":8918,"comment_status":"closed","ping_status":"closed","sticky":false,"template":"","format":"standard","meta":[],"categories":[143],"tags":[],"_links":{"self":[{"href":"https:\/\/rna.ao\/rna.ao\/wp-json\/wp\/v2\/posts\/8910"}],"collection":[{"href":"https:\/\/rna.ao\/rna.ao\/wp-json\/wp\/v2\/posts"}],"about":[{"href":"https:\/\/rna.ao\/rna.ao\/wp-json\/wp\/v2\/types\/post"}],"author":[{"embeddable":true,"href":"https:\/\/rna.ao\/rna.ao\/wp-json\/wp\/v2\/users\/8"}],"replies":[{"embeddable":true,"href":"https:\/\/rna.ao\/rna.ao\/wp-json\/wp\/v2\/comments?post=8910"}],"version-history":[{"count":1,"href":"https:\/\/rna.ao\/rna.ao\/wp-json\/wp\/v2\/posts\/8910\/revisions"}],"predecessor-version":[{"id":8919,"href":"https:\/\/rna.ao\/rna.ao\/wp-json\/wp\/v2\/posts\/8910\/revisions\/8919"}],"wp:featuredmedia":[{"embeddable":true,"href":"https:\/\/rna.ao\/rna.ao\/wp-json\/wp\/v2\/media\/8918"}],"wp:attachment":[{"href":"https:\/\/rna.ao\/rna.ao\/wp-json\/wp\/v2\/media?parent=8910"}],"wp:term":[{"taxonomy":"category","embeddable":true,"href":"https:\/\/rna.ao\/rna.ao\/wp-json\/wp\/v2\/categories?post=8910"},{"taxonomy":"post_tag","embeddable":true,"href":"https:\/\/rna.ao\/rna.ao\/wp-json\/wp\/v2\/tags?post=8910"}],"curies":[{"name":"wp","href":"https:\/\/api.w.org\/{rel}","templated":true}]}}