{"id":8900,"date":"2020-10-21T07:24:04","date_gmt":"2020-10-21T06:24:04","guid":{"rendered":"https:\/\/rna.ao\/rna.ao\/?p=8900"},"modified":"2020-10-21T09:34:42","modified_gmt":"2020-10-21T08:34:42","slug":"vaga-de-gafanhotos-que-afecta-paises-da-sadc-chega-a-angola","status":"publish","type":"post","link":"https:\/\/rna.ao\/rna.ao\/2020\/10\/21\/vaga-de-gafanhotos-que-afecta-paises-da-sadc-chega-a-angola\/","title":{"rendered":"Vaga de gafanhotos que afecta pa\u00edses da SADC chega \u00e0 Angola \u00a0"},"content":{"rendered":"<p><img loading=\"lazy\" class=\"size-full wp-image-8903 alignleft\" src=\"https:\/\/rna.ao\/rna.ao\/wp-content\/uploads\/2020\/10\/gafa.jpg\" alt=\"\" width=\"309\" height=\"163\" \/>Uma vaga de gafanhotos que j\u00e1 afectou catorze pa\u00edses da \u00c1frica Austral e oriental acaba de chegar \u00e0 Angola, de acordo com confirma\u00e7\u00f5es das autoridades do Cuando-Cubango, que constaram a presen\u00e7a de nuvens negras dos referidos insectos no Munic\u00edpio fronteiri\u00e7o do Rivungo. Clique na pe\u00e7a de Reportagem em baixo para ouvir:<\/p>\n\t<div class=\"qtmplayer-playlist-large\">\n\t\t<ul class=\"qtmplayer-playlist\">\n\t\t\t\n\t\t\t\t\t<li class=\"qtmplayer-trackitem\">\n\t\t<img src=\"https:\/\/rna.ao\/rna.ao\/wp-content\/uploads\/2020\/10\/gafa-100x100.jpg\" alt=\"cover\">\t\t<span \t\t\tdata-qtmplayer-cover=\"https:\/\/rna.ao\/rna.ao\/wp-content\/uploads\/2020\/10\/gafa.jpg\"\n\t\t\t\t\t\tdata-qtmplayer-file=\"https:\/\/rna.ao\/rna.ao\/wp-content\/uploads\/2020\/10\/menon.mp3\"\n\t\t\t\t\t\tdata-qtmplayer-title=\"Vaga de gafanhotos que afecta pa\u00edses da SADC chega \u00e0 Angola \u00a0\"\n\t\t\t\t\t\tdata-qtmplayer-artist=\"RNA\"\n\t\t\t\t\t\tdata-qtmplayer-link=\"https:\/\/rna.ao\/rna.ao\/2020\/10\/21\/vaga-de-gafanhotos-que-afecta-paises-da-sadc-chega-a-angola\/\"\n\t\t\t\t\t\tdata-qtmplayer-icon=\"file_download\"\n\t\t\t\t\t\tdata-qtmplayer-type=\"track\"\n\t\t\t class=\"qtmplayer-play qtmplayer-link-sec qtmplayer-play-btn\"><i class='material-icons'>play_arrow<\/i><\/span>\n\t\t<p>\n\t\t\t<span class=\"qtmplayer-tit\">Vaga de gafanhotos que afecta pa\u00edses da SADC chega \u00e0 Angola \u00a0<\/span>\n\t\t\t<span class=\"qtmplayer-art\">RNA<\/span>\n\t\t<\/p>\n\t<\/li>\n\t\t<\/ul>\n\t<\/div>\t\t\t\n\t\n<p>&nbsp;<\/p>\n\t<div class=\"qtmplayer-playlist-large\">\n\t\t<ul class=\"qtmplayer-playlist\">\n\t\t\t\n\t\t\t\t\t<li class=\"qtmplayer-trackitem\">\n\t\t<img src=\"https:\/\/rna.ao\/rna.ao\/wp-content\/uploads\/2020\/10\/gafa-100x100.jpg\" alt=\"cover\">\t\t<span \t\t\tdata-qtmplayer-cover=\"https:\/\/rna.ao\/rna.ao\/wp-content\/uploads\/2020\/10\/gafa.jpg\"\n\t\t\t\t\t\tdata-qtmplayer-file=\"https:\/\/rna.ao\/rna.ao\/wp-content\/uploads\/2020\/10\/meno-n.mp3\"\n\t\t\t\t\t\tdata-qtmplayer-title=\"Vaga de gafanhotos que afecta pa\u00edses da SADC chega \u00e0 Angola \u00a0\"\n\t\t\t\t\t\tdata-qtmplayer-artist=\"RNA\"\n\t\t\t\t\t\tdata-qtmplayer-link=\"https:\/\/rna.ao\/rna.ao\/2020\/10\/21\/vaga-de-gafanhotos-que-afecta-paises-da-sadc-chega-a-angola\/\"\n\t\t\t\t\t\tdata-qtmplayer-icon=\"file_download\"\n\t\t\t\t\t\tdata-qtmplayer-type=\"track\"\n\t\t\t class=\"qtmplayer-play qtmplayer-link-sec qtmplayer-play-btn\"><i class='material-icons'>play_arrow<\/i><\/span>\n\t\t<p>\n\t\t\t<span class=\"qtmplayer-tit\">Vaga de gafanhotos que afecta pa\u00edses da SADC chega \u00e0 Angola \u00a0<\/span>\n\t\t\t<span class=\"qtmplayer-art\">RNA<\/span>\n\t\t<\/p>\n\t<\/li>\n\t\t<\/ul>\n\t<\/div>\t\t\t\n\t\n<p>Fonte: RNA &#8211; Jornalista, Arist\u00eddes Kito<\/p>\n<p>&nbsp;<\/p>\n","protected":false},"excerpt":{"rendered":"<p>Uma vaga de gafanhotos que j\u00e1 afectou catorze pa\u00edses da \u00c1frica Austral e oriental acaba de chegar \u00e0 Angola, de acordo com confirma\u00e7\u00f5es das autoridades do Cuando-Cubango, que constaram a presen\u00e7a de nuvens negras dos referidos insectos no Munic\u00edpio fronteiri\u00e7o do Rivungo. Clique na pe\u00e7a de Reportagem em baixo para ...<\/p>\n","protected":false},"author":8,"featured_media":8903,"comment_status":"closed","ping_status":"closed","sticky":false,"template":"","format":"standard","meta":[],"categories":[163],"tags":[],"_links":{"self":[{"href":"https:\/\/rna.ao\/rna.ao\/wp-json\/wp\/v2\/posts\/8900"}],"collection":[{"href":"https:\/\/rna.ao\/rna.ao\/wp-json\/wp\/v2\/posts"}],"about":[{"href":"https:\/\/rna.ao\/rna.ao\/wp-json\/wp\/v2\/types\/post"}],"author":[{"embeddable":true,"href":"https:\/\/rna.ao\/rna.ao\/wp-json\/wp\/v2\/users\/8"}],"replies":[{"embeddable":true,"href":"https:\/\/rna.ao\/rna.ao\/wp-json\/wp\/v2\/comments?post=8900"}],"version-history":[{"count":2,"href":"https:\/\/rna.ao\/rna.ao\/wp-json\/wp\/v2\/posts\/8900\/revisions"}],"predecessor-version":[{"id":8993,"href":"https:\/\/rna.ao\/rna.ao\/wp-json\/wp\/v2\/posts\/8900\/revisions\/8993"}],"wp:featuredmedia":[{"embeddable":true,"href":"https:\/\/rna.ao\/rna.ao\/wp-json\/wp\/v2\/media\/8903"}],"wp:attachment":[{"href":"https:\/\/rna.ao\/rna.ao\/wp-json\/wp\/v2\/media?parent=8900"}],"wp:term":[{"taxonomy":"category","embeddable":true,"href":"https:\/\/rna.ao\/rna.ao\/wp-json\/wp\/v2\/categories?post=8900"},{"taxonomy":"post_tag","embeddable":true,"href":"https:\/\/rna.ao\/rna.ao\/wp-json\/wp\/v2\/tags?post=8900"}],"curies":[{"name":"wp","href":"https:\/\/api.w.org\/{rel}","templated":true}]}}