{"id":8810,"date":"2020-10-20T11:22:10","date_gmt":"2020-10-20T10:22:10","guid":{"rendered":"https:\/\/rna.ao\/rna.ao\/?p=8810"},"modified":"2020-10-20T11:22:10","modified_gmt":"2020-10-20T10:22:10","slug":"ja-esta-em-curso-a-digitalizacao-do-arquivo-historico-nacional","status":"publish","type":"post","link":"https:\/\/rna.ao\/rna.ao\/2020\/10\/20\/ja-esta-em-curso-a-digitalizacao-do-arquivo-historico-nacional\/","title":{"rendered":"J\u00e1\u00a0\u00a0 est\u00e1\u00a0\u00a0\u00a0 em curso\u00a0\u00a0 a\u00a0\u00a0 digitaliza\u00e7\u00e3o\u00a0\u00a0\u00a0 do\u00a0\u00a0 arquivo\u00a0\u00a0 hist\u00f3rico\u00a0\u00a0 nacional"},"content":{"rendered":"<p class=\"MsoNormal\" style=\"text-align: justify;\"><span style=\"font-family: 'Times New Roman', serif; font-size: 14pt;\"><img loading=\"lazy\" class=\"size-full wp-image-8812 aligncenter\" src=\"https:\/\/rna.ao\/rna.ao\/wp-content\/uploads\/2020\/10\/frAr.jpg\" alt=\"\" width=\"640\" height=\"345\" \/><\/span><\/p>\n<p class=\"MsoNormal\" style=\"text-align: justify;\"><span style=\"font-family: 'Times New Roman', serif; font-size: 14pt;\">Arquivo Nacional de Angola, constitui guardi\u00e3o da mem\u00f3ria, da hist\u00f3ria e da cultura do povo angolano.<\/span><\/p>\n<p class=\"MsoNormal\" style=\"text-align: justify;\"><span style=\"font-size: 14.0pt; line-height: 107%; font-family: 'Times New Roman',serif;\">O<span style=\"mso-spacerun: yes;\">\u00a0 <\/span>Diretor<span style=\"mso-spacerun: yes;\">\u00a0 <\/span>do<span style=\"mso-spacerun: yes;\">\u00a0 <\/span>Arquivo<span style=\"mso-spacerun: yes;\">\u00a0\u00a0 <\/span>hist\u00f3rico Nacional , Francisco<span style=\"mso-spacerun: yes;\">\u00a0\u00a0 <\/span>Alexandre, garante<span style=\"mso-spacerun: yes;\">\u00a0 <\/span>que j\u00e1<span style=\"mso-spacerun: yes;\">\u00a0\u00a0 <\/span>est\u00e1 em curso o processo<span style=\"mso-spacerun: yes;\">\u00a0\u00a0 <\/span>de<span style=\"mso-spacerun: yes;\">\u00a0\u00a0 <\/span>digitaliza\u00e7\u00e3o<span style=\"mso-spacerun: yes;\">\u00a0\u00a0 <\/span>da<span style=\"mso-spacerun: yes;\">\u00a0 <\/span>referida<span style=\"mso-spacerun: yes;\">\u00a0 <\/span>institui\u00e7\u00e3o.<\/span><\/p>\n\t<div class=\"qtmplayer-playlist-large\">\n\t\t<ul class=\"qtmplayer-playlist\">\n\t\t\t\n\t\t\t\t\t<li class=\"qtmplayer-trackitem\">\n\t\t<img src=\"https:\/\/rna.ao\/rna.ao\/wp-content\/uploads\/2020\/10\/frAr-100x100.jpg\" alt=\"cover\">\t\t<span \t\t\tdata-qtmplayer-cover=\"https:\/\/rna.ao\/rna.ao\/wp-content\/uploads\/2020\/10\/frAr.jpg\"\n\t\t\t\t\t\tdata-qtmplayer-file=\"https:\/\/rna.ao\/rna.ao\/wp-content\/uploads\/2020\/10\/faRQ.mp3\"\n\t\t\t\t\t\tdata-qtmplayer-title=\"J\u00e1\u00a0\u00a0 est\u00e1\u00a0\u00a0\u00a0 em curso\u00a0\u00a0 a\u00a0\u00a0 digitaliza\u00e7\u00e3o\u00a0\u00a0\u00a0 do\u00a0\u00a0 arquivo\u00a0\u00a0 hist\u00f3rico\u00a0\u00a0 nacional\"\n\t\t\t\t\t\tdata-qtmplayer-artist=\"RNA\"\n\t\t\t\t\t\tdata-qtmplayer-link=\"https:\/\/rna.ao\/rna.ao\/2020\/10\/20\/ja-esta-em-curso-a-digitalizacao-do-arquivo-historico-nacional\/\"\n\t\t\t\t\t\tdata-qtmplayer-icon=\"file_download\"\n\t\t\t\t\t\tdata-qtmplayer-type=\"track\"\n\t\t\t class=\"qtmplayer-play qtmplayer-link-sec qtmplayer-play-btn\"><i class='material-icons'>play_arrow<\/i><\/span>\n\t\t<p>\n\t\t\t<span class=\"qtmplayer-tit\">J\u00e1\u00a0\u00a0 est\u00e1\u00a0\u00a0\u00a0 em curso\u00a0\u00a0 a\u00a0\u00a0 digitaliza\u00e7\u00e3o\u00a0\u00a0\u00a0 do\u00a0\u00a0 arquivo\u00a0\u00a0 hist\u00f3rico\u00a0\u00a0 nacional<\/span>\n\t\t\t<span class=\"qtmplayer-art\">RNA<\/span>\n\t\t<\/p>\n\t<\/li>\n\t\t<\/ul>\n\t<\/div>\t\t\t\n\t\n","protected":false},"excerpt":{"rendered":"<p>Arquivo Nacional de Angola, constitui guardi\u00e3o da mem\u00f3ria, da hist\u00f3ria e da cultura do povo angolano. O\u00a0 Diretor\u00a0 do\u00a0 Arquivo\u00a0\u00a0 hist\u00f3rico Nacional , Francisco\u00a0\u00a0 Alexandre, garante\u00a0 que j\u00e1\u00a0\u00a0 est\u00e1 em curso o processo\u00a0\u00a0 de\u00a0\u00a0 digitaliza\u00e7\u00e3o\u00a0\u00a0 da\u00a0 referida\u00a0 institui\u00e7\u00e3o.<\/p>\n","protected":false},"author":8,"featured_media":8812,"comment_status":"closed","ping_status":"closed","sticky":false,"template":"","format":"standard","meta":[],"categories":[143,137],"tags":[],"_links":{"self":[{"href":"https:\/\/rna.ao\/rna.ao\/wp-json\/wp\/v2\/posts\/8810"}],"collection":[{"href":"https:\/\/rna.ao\/rna.ao\/wp-json\/wp\/v2\/posts"}],"about":[{"href":"https:\/\/rna.ao\/rna.ao\/wp-json\/wp\/v2\/types\/post"}],"author":[{"embeddable":true,"href":"https:\/\/rna.ao\/rna.ao\/wp-json\/wp\/v2\/users\/8"}],"replies":[{"embeddable":true,"href":"https:\/\/rna.ao\/rna.ao\/wp-json\/wp\/v2\/comments?post=8810"}],"version-history":[{"count":1,"href":"https:\/\/rna.ao\/rna.ao\/wp-json\/wp\/v2\/posts\/8810\/revisions"}],"predecessor-version":[{"id":8813,"href":"https:\/\/rna.ao\/rna.ao\/wp-json\/wp\/v2\/posts\/8810\/revisions\/8813"}],"wp:featuredmedia":[{"embeddable":true,"href":"https:\/\/rna.ao\/rna.ao\/wp-json\/wp\/v2\/media\/8812"}],"wp:attachment":[{"href":"https:\/\/rna.ao\/rna.ao\/wp-json\/wp\/v2\/media?parent=8810"}],"wp:term":[{"taxonomy":"category","embeddable":true,"href":"https:\/\/rna.ao\/rna.ao\/wp-json\/wp\/v2\/categories?post=8810"},{"taxonomy":"post_tag","embeddable":true,"href":"https:\/\/rna.ao\/rna.ao\/wp-json\/wp\/v2\/tags?post=8810"}],"curies":[{"name":"wp","href":"https:\/\/api.w.org\/{rel}","templated":true}]}}