{"id":8382,"date":"2020-10-17T02:36:47","date_gmt":"2020-10-17T01:36:47","guid":{"rendered":"https:\/\/rna.ao\/rna.ao\/?p=8382"},"modified":"2020-10-17T02:36:47","modified_gmt":"2020-10-17T01:36:47","slug":"la-cooperation-entre-la-guinee-conakry-et-langola-au-beau-fixe","status":"publish","type":"post","link":"https:\/\/rna.ao\/rna.ao\/2020\/10\/17\/la-cooperation-entre-la-guinee-conakry-et-langola-au-beau-fixe\/","title":{"rendered":"La coop\u00e9ration entre  la Guin\u00e9e-Conakry et l\u2019Angola au beau fixe"},"content":{"rendered":"<p>&nbsp;<\/p>\n<p><img loading=\"lazy\" class=\"wp-image-8384 alignleft\" src=\"https:\/\/rna.ao\/rna.ao\/wp-content\/uploads\/2020\/10\/Bandeira-da-Guine-Conacri.jpg\" alt=\"\" width=\"338\" height=\"211\" \/>Les relations de coop\u00e9ration entre la Guin\u00e9e-Conakry et l\u2019Angola sont excellentes dans divers domaines.<\/p>\n<p>C\u2019est ce qu\u2019a d\u00e9clar\u00e9,l\u2019ambassadeur de Guin\u00e9e-Conakry en Angola,M.Edouard Th\u00e9a.<\/p>\n<p>Selon ,M.Edourd Th\u00e9a, c\u2019est d\u2019ailleurs dans ce cadre,que se situe la tenue \u00e0 Luanda, de la premi\u00e8re session de la commission mixte de coop\u00e9ration Guin\u00e9e-Angola.<\/p>\n\t<div class=\"qtmplayer-playlist-large\">\n\t\t<ul class=\"qtmplayer-playlist\">\n\t\t\t\n\t\t\t\t\t<li class=\"qtmplayer-trackitem\">\n\t\t<img src=\"https:\/\/rna.ao\/rna.ao\/wp-content\/uploads\/2020\/10\/Bandeira-da-Guine-Conacri-100x100.jpg\" alt=\"cover\">\t\t<span \t\t\tdata-qtmplayer-cover=\"https:\/\/rna.ao\/rna.ao\/wp-content\/uploads\/2020\/10\/Bandeira-da-Guine-Conacri.jpg\"\n\t\t\t\t\t\tdata-qtmplayer-file=\"https:\/\/rna.ao\/rna.ao\/wp-content\/uploads\/2020\/10\/AMBA-CONAKRY-16-10-20.mp3\"\n\t\t\t\t\t\tdata-qtmplayer-title=\"La coop\u00e9ration entre  la Guin\u00e9e-Conakry et l\u2019Angola au beau fixe\"\n\t\t\t\t\t\tdata-qtmplayer-artist=\"RNA\"\n\t\t\t\t\t\tdata-qtmplayer-link=\"https:\/\/rna.ao\/rna.ao\/2020\/10\/17\/la-cooperation-entre-la-guinee-conakry-et-langola-au-beau-fixe\/\"\n\t\t\t\t\t\tdata-qtmplayer-icon=\"file_download\"\n\t\t\t\t\t\tdata-qtmplayer-type=\"track\"\n\t\t\t class=\"qtmplayer-play qtmplayer-link-sec qtmplayer-play-btn\"><i class='material-icons'>play_arrow<\/i><\/span>\n\t\t<p>\n\t\t\t<span class=\"qtmplayer-tit\">La coop\u00e9ration entre  la Guin\u00e9e-Conakry et l\u2019Angola au beau fixe<\/span>\n\t\t\t<span class=\"qtmplayer-art\">RNA<\/span>\n\t\t<\/p>\n\t<\/li>\n\t\t<\/ul>\n\t<\/div>\t\t\t\n\t\n<p>Source: Canal Internacional \/ RNA &#8211; Journaliste C\u00e2ndida Mendes<\/p>\n","protected":false},"excerpt":{"rendered":"<p>&nbsp; Les relations de coop\u00e9ration entre la Guin\u00e9e-Conakry et l\u2019Angola sont excellentes dans divers domaines. C\u2019est ce qu\u2019a d\u00e9clar\u00e9,l\u2019ambassadeur de Guin\u00e9e-Conakry en Angola,M.Edouard Th\u00e9a. Selon ,M.Edourd Th\u00e9a, c\u2019est d\u2019ailleurs dans ce cadre,que se situe la tenue \u00e0 Luanda, de la premi\u00e8re session de la commission mixte de coop\u00e9ration Guin\u00e9e-Angola. Source: ...<\/p>\n","protected":false},"author":8,"featured_media":8384,"comment_status":"closed","ping_status":"closed","sticky":false,"template":"","format":"standard","meta":[],"categories":[143],"tags":[],"_links":{"self":[{"href":"https:\/\/rna.ao\/rna.ao\/wp-json\/wp\/v2\/posts\/8382"}],"collection":[{"href":"https:\/\/rna.ao\/rna.ao\/wp-json\/wp\/v2\/posts"}],"about":[{"href":"https:\/\/rna.ao\/rna.ao\/wp-json\/wp\/v2\/types\/post"}],"author":[{"embeddable":true,"href":"https:\/\/rna.ao\/rna.ao\/wp-json\/wp\/v2\/users\/8"}],"replies":[{"embeddable":true,"href":"https:\/\/rna.ao\/rna.ao\/wp-json\/wp\/v2\/comments?post=8382"}],"version-history":[{"count":1,"href":"https:\/\/rna.ao\/rna.ao\/wp-json\/wp\/v2\/posts\/8382\/revisions"}],"predecessor-version":[{"id":8385,"href":"https:\/\/rna.ao\/rna.ao\/wp-json\/wp\/v2\/posts\/8382\/revisions\/8385"}],"wp:featuredmedia":[{"embeddable":true,"href":"https:\/\/rna.ao\/rna.ao\/wp-json\/wp\/v2\/media\/8384"}],"wp:attachment":[{"href":"https:\/\/rna.ao\/rna.ao\/wp-json\/wp\/v2\/media?parent=8382"}],"wp:term":[{"taxonomy":"category","embeddable":true,"href":"https:\/\/rna.ao\/rna.ao\/wp-json\/wp\/v2\/categories?post=8382"},{"taxonomy":"post_tag","embeddable":true,"href":"https:\/\/rna.ao\/rna.ao\/wp-json\/wp\/v2\/tags?post=8382"}],"curies":[{"name":"wp","href":"https:\/\/api.w.org\/{rel}","templated":true}]}}