{"id":8374,"date":"2020-10-17T02:15:48","date_gmt":"2020-10-17T01:15:48","guid":{"rendered":"https:\/\/rna.ao\/rna.ao\/?p=8374"},"modified":"2020-10-17T03:39:47","modified_gmt":"2020-10-17T02:39:47","slug":"covid-19-dw-angola-implementa-accoes-de-incentivo-a-lavagem-das-maos","status":"publish","type":"post","link":"https:\/\/rna.ao\/rna.ao\/2020\/10\/17\/covid-19-dw-angola-implementa-accoes-de-incentivo-a-lavagem-das-maos\/","title":{"rendered":"Covid-19: DW Angola implementa ac\u00e7\u00f5es de incentivo \u00e0 lavagem das m\u00e3os"},"content":{"rendered":"<p><img loading=\"lazy\" class=\" wp-image-8376 alignleft\" src=\"https:\/\/rna.ao\/rna.ao\/wp-content\/uploads\/2020\/10\/Cupi-Baptista_0.jpg\" alt=\"\" width=\"208\" height=\"237\" \/><\/p>\n<p>Em Angola as estat\u00edsticas podem n\u00e3o ser animadoras, de acordo com a leitura do UNICEF que estima que apenas trinta e seis por cento da popula\u00e7\u00e3o tem a pr\u00e1tica de lavagem das m\u00e3os em momentos cr\u00edticos.<\/p>\n<p>Para inverter o quadro, sobretudo nesta era da Covid-19, a DW Angola, segundo o seu gestor de projectos, Afonso Cupi Baptista (na foto), est\u00e1 a implementar ac\u00e7\u00f5es participativas nas escolas das prov\u00edncias onde t\u00eam interven\u00e7\u00f5es nas comunidades. Clique no \u00e1udio, em baixo, e ou\u00e7a:<\/p>\n\t<div class=\"qtmplayer-playlist-large\">\n\t\t<ul class=\"qtmplayer-playlist\">\n\t\t\t\n\t\t\t\t\t<li class=\"qtmplayer-trackitem\">\n\t\t<img src=\"https:\/\/rna.ao\/rna.ao\/wp-content\/uploads\/2020\/10\/lavar-as-maos-1-100x100.jpg\" alt=\"cover\">\t\t<span \t\t\tdata-qtmplayer-cover=\"https:\/\/rna.ao\/rna.ao\/wp-content\/uploads\/2020\/10\/lavar-as-maos-1-370x370.jpg\"\n\t\t\t\t\t\tdata-qtmplayer-file=\"https:\/\/rna.ao\/rna.ao\/wp-content\/uploads\/2020\/10\/COP-BAPTISTA.mp3\"\n\t\t\t\t\t\tdata-qtmplayer-title=\"Covid-19: DW Angola implementa ac\u00e7\u00f5es de incentivo \u00e0 lavagem das m\u00e3os\"\n\t\t\t\t\t\tdata-qtmplayer-artist=\"RNA\"\n\t\t\t\t\t\tdata-qtmplayer-link=\"https:\/\/rna.ao\/rna.ao\/2020\/10\/17\/covid-19-dw-angola-implementa-accoes-de-incentivo-a-lavagem-das-maos\/\"\n\t\t\t\t\t\tdata-qtmplayer-icon=\"file_download\"\n\t\t\t\t\t\tdata-qtmplayer-type=\"track\"\n\t\t\t class=\"qtmplayer-play qtmplayer-link-sec qtmplayer-play-btn\"><i class='material-icons'>play_arrow<\/i><\/span>\n\t\t<p>\n\t\t\t<span class=\"qtmplayer-tit\">Covid-19: DW Angola implementa ac\u00e7\u00f5es de incentivo \u00e0 lavagem das m\u00e3os<\/span>\n\t\t\t<span class=\"qtmplayer-art\">RNA<\/span>\n\t\t<\/p>\n\t<\/li>\n\t\t<\/ul>\n\t<\/div>\t\t\t\n\t\n<p>Fonte: RNA<\/p>\n","protected":false},"excerpt":{"rendered":"<p>Em Angola as estat\u00edsticas podem n\u00e3o ser animadoras, de acordo com a leitura do UNICEF que estima que apenas trinta e seis por cento da popula\u00e7\u00e3o tem a pr\u00e1tica de lavagem das m\u00e3os em momentos cr\u00edticos. Para inverter o quadro, sobretudo nesta era da Covid-19, a DW Angola, segundo o ...<\/p>\n","protected":false},"author":8,"featured_media":8377,"comment_status":"closed","ping_status":"closed","sticky":false,"template":"","format":"standard","meta":[],"categories":[121,164],"tags":[],"_links":{"self":[{"href":"https:\/\/rna.ao\/rna.ao\/wp-json\/wp\/v2\/posts\/8374"}],"collection":[{"href":"https:\/\/rna.ao\/rna.ao\/wp-json\/wp\/v2\/posts"}],"about":[{"href":"https:\/\/rna.ao\/rna.ao\/wp-json\/wp\/v2\/types\/post"}],"author":[{"embeddable":true,"href":"https:\/\/rna.ao\/rna.ao\/wp-json\/wp\/v2\/users\/8"}],"replies":[{"embeddable":true,"href":"https:\/\/rna.ao\/rna.ao\/wp-json\/wp\/v2\/comments?post=8374"}],"version-history":[{"count":3,"href":"https:\/\/rna.ao\/rna.ao\/wp-json\/wp\/v2\/posts\/8374\/revisions"}],"predecessor-version":[{"id":8396,"href":"https:\/\/rna.ao\/rna.ao\/wp-json\/wp\/v2\/posts\/8374\/revisions\/8396"}],"wp:featuredmedia":[{"embeddable":true,"href":"https:\/\/rna.ao\/rna.ao\/wp-json\/wp\/v2\/media\/8377"}],"wp:attachment":[{"href":"https:\/\/rna.ao\/rna.ao\/wp-json\/wp\/v2\/media?parent=8374"}],"wp:term":[{"taxonomy":"category","embeddable":true,"href":"https:\/\/rna.ao\/rna.ao\/wp-json\/wp\/v2\/categories?post=8374"},{"taxonomy":"post_tag","embeddable":true,"href":"https:\/\/rna.ao\/rna.ao\/wp-json\/wp\/v2\/tags?post=8374"}],"curies":[{"name":"wp","href":"https:\/\/api.w.org\/{rel}","templated":true}]}}