{"id":82872,"date":"2022-11-10T14:04:41","date_gmt":"2022-11-10T13:04:41","guid":{"rendered":"https:\/\/rna.ao\/rna.ao\/?p=82872"},"modified":"2022-11-10T14:04:41","modified_gmt":"2022-11-10T13:04:41","slug":"angola-vai-contar-com-um-sistema-de-alerta-de-vigilancia-epidemiologica","status":"publish","type":"post","link":"https:\/\/rna.ao\/rna.ao\/2022\/11\/10\/angola-vai-contar-com-um-sistema-de-alerta-de-vigilancia-epidemiologica\/","title":{"rendered":"Angola vai contar com um sistema de alerta de vigil\u00e2ncia epidemiol\u00f3gica"},"content":{"rendered":"<p><img loading=\"lazy\" class=\"size-full wp-image-82874 alignleft\" src=\"https:\/\/rna.ao\/rna.ao\/wp-content\/uploads\/2022\/11\/download-13.jpg\" alt=\"\" width=\"302\" height=\"167\" \/>O executivo trabalha para cria\u00e7\u00e3o de um sistema de alerta de vigil\u00e2ncia epidemiol\u00f3gica. O anuncio foi feito recentemente na Prov\u00edncia do Cuando Cubango pelo Secret\u00e1rio de Estado para \u00c1rea Hospitalar, Carlos Pinto de Sousa. A ideia \u00e9 facilitar a actua\u00e7\u00e3o das autoridades na resposta r\u00e1pida a eventuais sutos epid\u00e9micos no pa\u00eds. Clique, no \u00e1udio abaixo e ou\u00e7a o desenvolvimento desta mat\u00e9ria na reportagem do Aristides Kito:<\/p>\n\t<div class=\"qtmplayer-playlist-large\">\n\t\t<ul class=\"qtmplayer-playlist\">\n\t\t\t\n\t\t\t\t\t<li class=\"qtmplayer-trackitem\">\n\t\t<img src=\"https:\/\/rna.ao\/rna.ao\/wp-content\/uploads\/2022\/11\/20180224093011medica-100x100.jpg\" alt=\"cover\">\t\t<span \t\t\tdata-qtmplayer-cover=\"https:\/\/rna.ao\/rna.ao\/wp-content\/uploads\/2022\/11\/20180224093011medica.jpg\"\n\t\t\t\t\t\tdata-qtmplayer-file=\"https:\/\/rna.ao\/rna.ao\/wp-content\/uploads\/2022\/11\/KUANDO-KUBANGO-SAUDE-13HRS.mp3\"\n\t\t\t\t\t\tdata-qtmplayer-title=\"Angola vai contar com um sistema de alerta de vigil\u00e2ncia epidemiol\u00f3gica\"\n\t\t\t\t\t\tdata-qtmplayer-artist=\"RNA\"\n\t\t\t\t\t\tdata-qtmplayer-link=\"https:\/\/rna.ao\/rna.ao\/2022\/11\/10\/angola-vai-contar-com-um-sistema-de-alerta-de-vigilancia-epidemiologica\/\"\n\t\t\t\t\t\tdata-qtmplayer-icon=\"file_download\"\n\t\t\t\t\t\tdata-qtmplayer-type=\"track\"\n\t\t\t class=\"qtmplayer-play qtmplayer-link-sec qtmplayer-play-btn\"><i class='material-icons'>play_arrow<\/i><\/span>\n\t\t<p>\n\t\t\t<span class=\"qtmplayer-tit\">Angola vai contar com um sistema de alerta de vigil\u00e2ncia epidemiol\u00f3gica<\/span>\n\t\t\t<span class=\"qtmplayer-art\">RNA<\/span>\n\t\t<\/p>\n\t<\/li>\n\t\t<\/ul>\n\t<\/div>\t\t\t\n\t\n","protected":false},"excerpt":{"rendered":"<p>O executivo trabalha para cria\u00e7\u00e3o de um sistema de alerta de vigil\u00e2ncia epidemiol\u00f3gica. O anuncio foi feito recentemente na Prov\u00edncia do Cuando Cubango pelo Secret\u00e1rio de Estado para \u00c1rea Hospitalar, Carlos Pinto de Sousa. A ideia \u00e9 facilitar a actua\u00e7\u00e3o das autoridades na resposta r\u00e1pida a eventuais sutos epid\u00e9micos no ...<\/p>\n","protected":false},"author":8,"featured_media":82875,"comment_status":"closed","ping_status":"closed","sticky":false,"template":"","format":"standard","meta":[],"categories":[142,121,163],"tags":[],"_links":{"self":[{"href":"https:\/\/rna.ao\/rna.ao\/wp-json\/wp\/v2\/posts\/82872"}],"collection":[{"href":"https:\/\/rna.ao\/rna.ao\/wp-json\/wp\/v2\/posts"}],"about":[{"href":"https:\/\/rna.ao\/rna.ao\/wp-json\/wp\/v2\/types\/post"}],"author":[{"embeddable":true,"href":"https:\/\/rna.ao\/rna.ao\/wp-json\/wp\/v2\/users\/8"}],"replies":[{"embeddable":true,"href":"https:\/\/rna.ao\/rna.ao\/wp-json\/wp\/v2\/comments?post=82872"}],"version-history":[{"count":1,"href":"https:\/\/rna.ao\/rna.ao\/wp-json\/wp\/v2\/posts\/82872\/revisions"}],"predecessor-version":[{"id":82876,"href":"https:\/\/rna.ao\/rna.ao\/wp-json\/wp\/v2\/posts\/82872\/revisions\/82876"}],"wp:featuredmedia":[{"embeddable":true,"href":"https:\/\/rna.ao\/rna.ao\/wp-json\/wp\/v2\/media\/82875"}],"wp:attachment":[{"href":"https:\/\/rna.ao\/rna.ao\/wp-json\/wp\/v2\/media?parent=82872"}],"wp:term":[{"taxonomy":"category","embeddable":true,"href":"https:\/\/rna.ao\/rna.ao\/wp-json\/wp\/v2\/categories?post=82872"},{"taxonomy":"post_tag","embeddable":true,"href":"https:\/\/rna.ao\/rna.ao\/wp-json\/wp\/v2\/tags?post=82872"}],"curies":[{"name":"wp","href":"https:\/\/api.w.org\/{rel}","templated":true}]}}