{"id":81745,"date":"2022-10-29T07:20:00","date_gmt":"2022-10-29T06:20:00","guid":{"rendered":"https:\/\/rna.ao\/rna.ao\/?p=81745"},"modified":"2022-10-29T08:48:31","modified_gmt":"2022-10-29T07:48:31","slug":"huambo-com-a-maquina-devidamente-oleada-para-as-meias-finais-da-taca-de-angola-em-futsal","status":"publish","type":"post","link":"https:\/\/rna.ao\/rna.ao\/2022\/10\/29\/huambo-com-a-maquina-devidamente-oleada-para-as-meias-finais-da-taca-de-angola-em-futsal\/","title":{"rendered":"Huambo com a m\u00e1quina devidamente oleada para as meias finais da Ta\u00e7a de Angola em futsal"},"content":{"rendered":"<p><img loading=\"lazy\" class=\"size-full wp-image-75308 alignleft\" src=\"https:\/\/rna.ao\/rna.ao\/wp-content\/uploads\/2022\/09\/Futsal-bola.jpg\" alt=\"\" width=\"303\" height=\"166\" \/>O Pavilh\u00e3o Osvaldo Serra Van-D\u00fanem, na Prov\u00edncia do Huambo, acolhe este domingo, 30 de Outubro, as meias \u00a0finais da Ta\u00e7a de Angola em seniores masculinos e femininos. Ex\u00e9rcito e JCY, ambas de Luanda, j\u00e1 est\u00e3o na cidade do planalto central. Manuel Alfredo \u201cNelito\u201d, o presidente da Associa\u00e7\u00e3o Provincial de Futsal, d\u00e1 conta da maneira como est\u00e1 oleada a m\u00e1quina organizativa. Clique no \u00e1udio e ou\u00e7a:<\/p>\n\t<div class=\"qtmplayer-playlist-large\">\n\t\t<ul class=\"qtmplayer-playlist\">\n\t\t\t\n\t\t\t\t\t<li class=\"qtmplayer-trackitem\">\n\t\t<img src=\"https:\/\/rna.ao\/rna.ao\/wp-content\/uploads\/2022\/09\/Futsal-bola-100x100.jpg\" alt=\"cover\">\t\t<span \t\t\tdata-qtmplayer-cover=\"https:\/\/rna.ao\/rna.ao\/wp-content\/uploads\/2022\/09\/Futsal-bola.jpg\"\n\t\t\t\t\t\tdata-qtmplayer-file=\"https:\/\/rna.ao\/rna.ao\/wp-content\/uploads\/2022\/10\/J-N-12-MANUEL-ALFREDO-28-10-22.mp3\"\n\t\t\t\t\t\tdata-qtmplayer-title=\"Huambo com a m\u00e1quina devidamente oleada para as meias finais da Ta\u00e7a de Angola em futsal\"\n\t\t\t\t\t\tdata-qtmplayer-artist=\"RNA\"\n\t\t\t\t\t\tdata-qtmplayer-link=\"https:\/\/rna.ao\/rna.ao\/2022\/10\/29\/huambo-com-a-maquina-devidamente-oleada-para-as-meias-finais-da-taca-de-angola-em-futsal\/\"\n\t\t\t\t\t\tdata-qtmplayer-icon=\"file_download\"\n\t\t\t\t\t\tdata-qtmplayer-type=\"track\"\n\t\t\t class=\"qtmplayer-play qtmplayer-link-sec qtmplayer-play-btn\"><i class='material-icons'>play_arrow<\/i><\/span>\n\t\t<p>\n\t\t\t<span class=\"qtmplayer-tit\">Huambo com a m\u00e1quina devidamente oleada para as meias finais da Ta\u00e7a de Angola em futsal<\/span>\n\t\t\t<span class=\"qtmplayer-art\">RNA<\/span>\n\t\t<\/p>\n\t<\/li>\n\t\t<\/ul>\n\t<\/div>\t\t\t\n\t\n<p>Fonte: R\u00e1dio 5\/RNA<\/p>\n","protected":false},"excerpt":{"rendered":"<p>O Pavilh\u00e3o Osvaldo Serra Van-D\u00fanem, na Prov\u00edncia do Huambo, acolhe este domingo, 30 de Outubro, as meias \u00a0finais da Ta\u00e7a de Angola em seniores masculinos e femininos. Ex\u00e9rcito e JCY, ambas de Luanda, j\u00e1 est\u00e3o na cidade do planalto central. Manuel Alfredo \u201cNelito\u201d, o presidente da Associa\u00e7\u00e3o Provincial de Futsal, ...<\/p>\n","protected":false},"author":8,"featured_media":75308,"comment_status":"closed","ping_status":"closed","sticky":false,"template":"","format":"standard","meta":[],"categories":[145,125,164],"tags":[],"_links":{"self":[{"href":"https:\/\/rna.ao\/rna.ao\/wp-json\/wp\/v2\/posts\/81745"}],"collection":[{"href":"https:\/\/rna.ao\/rna.ao\/wp-json\/wp\/v2\/posts"}],"about":[{"href":"https:\/\/rna.ao\/rna.ao\/wp-json\/wp\/v2\/types\/post"}],"author":[{"embeddable":true,"href":"https:\/\/rna.ao\/rna.ao\/wp-json\/wp\/v2\/users\/8"}],"replies":[{"embeddable":true,"href":"https:\/\/rna.ao\/rna.ao\/wp-json\/wp\/v2\/comments?post=81745"}],"version-history":[{"count":1,"href":"https:\/\/rna.ao\/rna.ao\/wp-json\/wp\/v2\/posts\/81745\/revisions"}],"predecessor-version":[{"id":81747,"href":"https:\/\/rna.ao\/rna.ao\/wp-json\/wp\/v2\/posts\/81745\/revisions\/81747"}],"wp:featuredmedia":[{"embeddable":true,"href":"https:\/\/rna.ao\/rna.ao\/wp-json\/wp\/v2\/media\/75308"}],"wp:attachment":[{"href":"https:\/\/rna.ao\/rna.ao\/wp-json\/wp\/v2\/media?parent=81745"}],"wp:term":[{"taxonomy":"category","embeddable":true,"href":"https:\/\/rna.ao\/rna.ao\/wp-json\/wp\/v2\/categories?post=81745"},{"taxonomy":"post_tag","embeddable":true,"href":"https:\/\/rna.ao\/rna.ao\/wp-json\/wp\/v2\/tags?post=81745"}],"curies":[{"name":"wp","href":"https:\/\/api.w.org\/{rel}","templated":true}]}}