{"id":81737,"date":"2022-10-29T07:22:37","date_gmt":"2022-10-29T06:22:37","guid":{"rendered":"https:\/\/rna.ao\/rna.ao\/?p=81737"},"modified":"2022-10-29T08:36:03","modified_gmt":"2022-10-29T07:36:03","slug":"angola-vs-camaroes-e-um-jogo-dificil-mas-nao-impossivel-afirma-nicolau-daniel","status":"publish","type":"post","link":"https:\/\/rna.ao\/rna.ao\/2022\/10\/29\/angola-vs-camaroes-e-um-jogo-dificil-mas-nao-impossivel-afirma-nicolau-daniel\/","title":{"rendered":"Angola vs Camar\u00f5es: &#8220;\u00c9 um jogo dif\u00edcil, mas n\u00e3o imposs\u00edvel&#8221; &#8211; afirma Nicolau Daniel"},"content":{"rendered":"<p><img loading=\"lazy\" class=\" wp-image-81739 alignleft\" src=\"https:\/\/rna.ao\/rna.ao\/wp-content\/uploads\/2022\/10\/NIcolau-Daniel-MINJUD.jpg\" alt=\"\" width=\"315\" height=\"231\" \/>O Diretor Nacional da Juventude e Desportos, Nicolau Daniel, que integra a comitiva angolana que est\u00e1 em Yaound\u00e9, nos Camar\u00f5es, prev\u00ea um bom desempenho da selec\u00e7\u00e3o de todos n\u00f3s. Angola joga neste domingo, 30 de Outubro, com a sua cong\u00e9nere local, em jogo da segunda m\u00e3o na corrida ao CAN dos Marrocos. Clique no \u00e1udio e ou\u00e7a:<\/p>\n\t<div class=\"qtmplayer-playlist-large\">\n\t\t<ul class=\"qtmplayer-playlist\">\n\t\t\t\n\t\t\t\t\t<li class=\"qtmplayer-trackitem\">\n\t\t<img src=\"https:\/\/rna.ao\/rna.ao\/wp-content\/uploads\/2022\/10\/NIcolau-Daniel-MINJUD-100x100.jpg\" alt=\"cover\">\t\t<span \t\t\tdata-qtmplayer-cover=\"https:\/\/rna.ao\/rna.ao\/wp-content\/uploads\/2022\/10\/NIcolau-Daniel-MINJUD.jpg\"\n\t\t\t\t\t\tdata-qtmplayer-file=\"https:\/\/rna.ao\/rna.ao\/wp-content\/uploads\/2022\/10\/J-N-3-NICOLAU-DANIEL-28-10-2022.mp3\"\n\t\t\t\t\t\tdata-qtmplayer-title=\"Angola vs Camar\u00f5es: &#8220;\u00c9 um jogo dif\u00edcil, mas n\u00e3o imposs\u00edvel&#8221; &#8211; afirma Nicolau Daniel\"\n\t\t\t\t\t\tdata-qtmplayer-artist=\"RNA\"\n\t\t\t\t\t\tdata-qtmplayer-link=\"https:\/\/rna.ao\/rna.ao\/2022\/10\/29\/angola-vs-camaroes-e-um-jogo-dificil-mas-nao-impossivel-afirma-nicolau-daniel\/\"\n\t\t\t\t\t\tdata-qtmplayer-icon=\"file_download\"\n\t\t\t\t\t\tdata-qtmplayer-type=\"track\"\n\t\t\t class=\"qtmplayer-play qtmplayer-link-sec qtmplayer-play-btn\"><i class='material-icons'>play_arrow<\/i><\/span>\n\t\t<p>\n\t\t\t<span class=\"qtmplayer-tit\">Angola vs Camar\u00f5es: &#8220;\u00c9 um jogo dif\u00edcil, mas n\u00e3o imposs\u00edvel&#8221; &#8211; afirma Nicolau Daniel<\/span>\n\t\t\t<span class=\"qtmplayer-art\">RNA<\/span>\n\t\t<\/p>\n\t<\/li>\n\t\t<\/ul>\n\t<\/div>\t\t\t\n\t\n<p>Fonte: R\u00e1dio 5\/RNA<\/p>\n","protected":false},"excerpt":{"rendered":"<p>O Diretor Nacional da Juventude e Desportos, Nicolau Daniel, que integra a comitiva angolana que est\u00e1 em Yaound\u00e9, nos Camar\u00f5es, prev\u00ea um bom desempenho da selec\u00e7\u00e3o de todos n\u00f3s. Angola joga neste domingo, 30 de Outubro, com a sua cong\u00e9nere local, em jogo da segunda m\u00e3o na corrida ao CAN ...<\/p>\n","protected":false},"author":8,"featured_media":81739,"comment_status":"closed","ping_status":"closed","sticky":false,"template":"","format":"standard","meta":[],"categories":[145,125,164],"tags":[],"_links":{"self":[{"href":"https:\/\/rna.ao\/rna.ao\/wp-json\/wp\/v2\/posts\/81737"}],"collection":[{"href":"https:\/\/rna.ao\/rna.ao\/wp-json\/wp\/v2\/posts"}],"about":[{"href":"https:\/\/rna.ao\/rna.ao\/wp-json\/wp\/v2\/types\/post"}],"author":[{"embeddable":true,"href":"https:\/\/rna.ao\/rna.ao\/wp-json\/wp\/v2\/users\/8"}],"replies":[{"embeddable":true,"href":"https:\/\/rna.ao\/rna.ao\/wp-json\/wp\/v2\/comments?post=81737"}],"version-history":[{"count":1,"href":"https:\/\/rna.ao\/rna.ao\/wp-json\/wp\/v2\/posts\/81737\/revisions"}],"predecessor-version":[{"id":81740,"href":"https:\/\/rna.ao\/rna.ao\/wp-json\/wp\/v2\/posts\/81737\/revisions\/81740"}],"wp:featuredmedia":[{"embeddable":true,"href":"https:\/\/rna.ao\/rna.ao\/wp-json\/wp\/v2\/media\/81739"}],"wp:attachment":[{"href":"https:\/\/rna.ao\/rna.ao\/wp-json\/wp\/v2\/media?parent=81737"}],"wp:term":[{"taxonomy":"category","embeddable":true,"href":"https:\/\/rna.ao\/rna.ao\/wp-json\/wp\/v2\/categories?post=81737"},{"taxonomy":"post_tag","embeddable":true,"href":"https:\/\/rna.ao\/rna.ao\/wp-json\/wp\/v2\/tags?post=81737"}],"curies":[{"name":"wp","href":"https:\/\/api.w.org\/{rel}","templated":true}]}}