{"id":81725,"date":"2022-10-29T07:24:30","date_gmt":"2022-10-29T06:24:30","guid":{"rendered":"https:\/\/rna.ao\/rna.ao\/?p=81725"},"modified":"2022-10-29T08:23:38","modified_gmt":"2022-10-29T07:23:38","slug":"selecao-de-futebol-em-sub-23-em-yaounde-para-inverter-o-mau-resultado-de-luanda","status":"publish","type":"post","link":"https:\/\/rna.ao\/rna.ao\/2022\/10\/29\/selecao-de-futebol-em-sub-23-em-yaounde-para-inverter-o-mau-resultado-de-luanda\/","title":{"rendered":"Sele\u00e7\u00e3o de futebol em sub-23 em Yaound\u00e9 para inverter o mau resultado de Luanda"},"content":{"rendered":"<p><img loading=\"lazy\" class=\" wp-image-81732 alignleft\" src=\"https:\/\/rna.ao\/rna.ao\/wp-content\/uploads\/2022\/10\/Seleccao-Futebol-sub-23.jpg\" alt=\"\" width=\"449\" height=\"257\" \/>A selec\u00e7\u00e3o ol\u00edmpica de futebol est\u00e1 em Yaound\u00e9, onde este domingo, 30 de Outubro, defronta os Camar\u00f5es, em jogo de resposta qualificativo para o CAN do Marrocos de 2023, depois do desaire da primeira m\u00e3o, por 3-2. Ap\u00f3s a chegada \u00e0 capital camaronesa, o Vice-Presidente da FAF, Jos\u00e9 Carlos, deu conta, ao pa\u00eds, de tudo quanto se passou logo ap\u00f3s a chegada \u00e0 Yaound\u00e9. Clique no \u00e1udio e ou\u00e7a:<\/p>\n\t<div class=\"qtmplayer-playlist-large\">\n\t\t<ul class=\"qtmplayer-playlist\">\n\t\t\t\n\t\t\t\t\t<li class=\"qtmplayer-trackitem\">\n\t\t<img src=\"https:\/\/rna.ao\/rna.ao\/wp-content\/uploads\/2022\/10\/Futebol-sub-23-a-100x100.jpg\" alt=\"cover\">\t\t<span \t\t\tdata-qtmplayer-cover=\"https:\/\/rna.ao\/rna.ao\/wp-content\/uploads\/2022\/10\/Futebol-sub-23-a.jpg\"\n\t\t\t\t\t\tdata-qtmplayer-file=\"https:\/\/rna.ao\/rna.ao\/wp-content\/uploads\/2022\/10\/J-N-1-JOSE-CARLOS-28-10-22.mp3\"\n\t\t\t\t\t\tdata-qtmplayer-title=\"Sele\u00e7\u00e3o de futebol em sub-23 em Yaound\u00e9 para inverter o mau resultado de Luanda\"\n\t\t\t\t\t\tdata-qtmplayer-artist=\"RNA\"\n\t\t\t\t\t\tdata-qtmplayer-link=\"https:\/\/rna.ao\/rna.ao\/2022\/10\/29\/selecao-de-futebol-em-sub-23-em-yaounde-para-inverter-o-mau-resultado-de-luanda\/\"\n\t\t\t\t\t\tdata-qtmplayer-icon=\"file_download\"\n\t\t\t\t\t\tdata-qtmplayer-type=\"track\"\n\t\t\t class=\"qtmplayer-play qtmplayer-link-sec qtmplayer-play-btn\"><i class='material-icons'>play_arrow<\/i><\/span>\n\t\t<p>\n\t\t\t<span class=\"qtmplayer-tit\">Sele\u00e7\u00e3o de futebol em sub-23 em Yaound\u00e9 para inverter o mau resultado de Luanda<\/span>\n\t\t\t<span class=\"qtmplayer-art\">RNA<\/span>\n\t\t<\/p>\n\t<\/li>\n\t\t<\/ul>\n\t<\/div>\t\t\t\n\t\n<p>De notar que, este s\u00e1bado, 29 de Outubro, os Palanquinhas reconhecem o palco da competi\u00e7\u00e3o.<\/p>\n<p>Fonte: R\u00e1dio 5\/RNA<\/p>\n","protected":false},"excerpt":{"rendered":"<p>A selec\u00e7\u00e3o ol\u00edmpica de futebol est\u00e1 em Yaound\u00e9, onde este domingo, 30 de Outubro, defronta os Camar\u00f5es, em jogo de resposta qualificativo para o CAN do Marrocos de 2023, depois do desaire da primeira m\u00e3o, por 3-2. Ap\u00f3s a chegada \u00e0 capital camaronesa, o Vice-Presidente da FAF, Jos\u00e9 Carlos, deu ...<\/p>\n","protected":false},"author":8,"featured_media":81730,"comment_status":"closed","ping_status":"closed","sticky":false,"template":"","format":"standard","meta":[],"categories":[145,125,164],"tags":[],"_links":{"self":[{"href":"https:\/\/rna.ao\/rna.ao\/wp-json\/wp\/v2\/posts\/81725"}],"collection":[{"href":"https:\/\/rna.ao\/rna.ao\/wp-json\/wp\/v2\/posts"}],"about":[{"href":"https:\/\/rna.ao\/rna.ao\/wp-json\/wp\/v2\/types\/post"}],"author":[{"embeddable":true,"href":"https:\/\/rna.ao\/rna.ao\/wp-json\/wp\/v2\/users\/8"}],"replies":[{"embeddable":true,"href":"https:\/\/rna.ao\/rna.ao\/wp-json\/wp\/v2\/comments?post=81725"}],"version-history":[{"count":1,"href":"https:\/\/rna.ao\/rna.ao\/wp-json\/wp\/v2\/posts\/81725\/revisions"}],"predecessor-version":[{"id":81733,"href":"https:\/\/rna.ao\/rna.ao\/wp-json\/wp\/v2\/posts\/81725\/revisions\/81733"}],"wp:featuredmedia":[{"embeddable":true,"href":"https:\/\/rna.ao\/rna.ao\/wp-json\/wp\/v2\/media\/81730"}],"wp:attachment":[{"href":"https:\/\/rna.ao\/rna.ao\/wp-json\/wp\/v2\/media?parent=81725"}],"wp:term":[{"taxonomy":"category","embeddable":true,"href":"https:\/\/rna.ao\/rna.ao\/wp-json\/wp\/v2\/categories?post=81725"},{"taxonomy":"post_tag","embeddable":true,"href":"https:\/\/rna.ao\/rna.ao\/wp-json\/wp\/v2\/tags?post=81725"}],"curies":[{"name":"wp","href":"https:\/\/api.w.org\/{rel}","templated":true}]}}