{"id":81686,"date":"2022-10-28T09:28:15","date_gmt":"2022-10-28T08:28:15","guid":{"rendered":"https:\/\/rna.ao\/rna.ao\/?p=81686"},"modified":"2022-10-28T09:28:15","modified_gmt":"2022-10-28T08:28:15","slug":"chefes-de-estado-e-de-governo-da-oeacp-reunem-se-em-luanda-nesta-10a-cimeira-angola-assume-presidencia-da-organizacao","status":"publish","type":"post","link":"https:\/\/rna.ao\/rna.ao\/2022\/10\/28\/chefes-de-estado-e-de-governo-da-oeacp-reunem-se-em-luanda-nesta-10a-cimeira-angola-assume-presidencia-da-organizacao\/","title":{"rendered":"Chefes de Estado e de Governo da OEACP re\u00fanem-se em Luanda. Nesta 10\u00aa Cimeira, Angola assume Presid\u00eancia da Organiza\u00e7\u00e3o"},"content":{"rendered":"<p><img loading=\"lazy\" class=\" wp-image-56955 alignleft\" src=\"https:\/\/rna.ao\/rna.ao\/wp-content\/uploads\/2022\/03\/luanda_marginal_7082295016102709c93fda.jpg\" alt=\"\" width=\"473\" height=\"271\" \/>A capital angolana, Luanda, acolhe de 6 a 10 de Dezembro, do corrente ano, a d\u00e9cima Cimeira de Chefes de Estado e de Governo da Organiza\u00e7\u00e3o dos Estados da \u00c1frica, Cara\u00edbas e Pac\u00edfico<\/p>\n<p>O evento, em que Angola assumir\u00e1 tamb\u00e9m a Presid\u00eancia da organiza\u00e7\u00e3o, por um per\u00edodo de tr\u00eas anos, vai decorrer sob o lema; &#8220;Tr\u00eas Continentes, Tr\u00eas Oceanos, um Destino Comum: Construir uma Organiza\u00e7\u00e3o dos Estados de \u00c1frica, Cara\u00edbas e Pac\u00edfico Resiliente e Sustent\u00e1vel&#8221;.<\/p>\n<p>Esta Cimeira ser\u00e1 a primeira a realizar-se depois da transforma\u00e7\u00e3o do Grupo ACP em Organiza\u00e7\u00e3o Internacional, o que aumenta a responsabilidade do pa\u00eds, para a afirma\u00e7\u00e3o deste novo estatuto.<\/p>\n<p>A Organiza\u00e7\u00e3o dos Estados da \u00c1frica, Cara\u00edbas e Pac\u00edfico \u00e9 uma organiza\u00e7\u00e3o internacional, resultante da evolu\u00e7\u00e3o do Grupo ACP, que congrega 79 Estados-Membros oriundos de tr\u00eas Continentes.<\/p>\n","protected":false},"excerpt":{"rendered":"<p>A capital angolana, Luanda, acolhe de 6 a 10 de Dezembro, do corrente ano, a d\u00e9cima Cimeira de Chefes de Estado e de Governo da Organiza\u00e7\u00e3o dos Estados da \u00c1frica, Cara\u00edbas e Pac\u00edfico O evento, em que Angola assumir\u00e1 tamb\u00e9m a Presid\u00eancia da organiza\u00e7\u00e3o, por um per\u00edodo de tr\u00eas anos, ...<\/p>\n","protected":false},"author":8,"featured_media":56955,"comment_status":"closed","ping_status":"closed","sticky":false,"template":"","format":"standard","meta":[],"categories":[141,133,163],"tags":[],"_links":{"self":[{"href":"https:\/\/rna.ao\/rna.ao\/wp-json\/wp\/v2\/posts\/81686"}],"collection":[{"href":"https:\/\/rna.ao\/rna.ao\/wp-json\/wp\/v2\/posts"}],"about":[{"href":"https:\/\/rna.ao\/rna.ao\/wp-json\/wp\/v2\/types\/post"}],"author":[{"embeddable":true,"href":"https:\/\/rna.ao\/rna.ao\/wp-json\/wp\/v2\/users\/8"}],"replies":[{"embeddable":true,"href":"https:\/\/rna.ao\/rna.ao\/wp-json\/wp\/v2\/comments?post=81686"}],"version-history":[{"count":1,"href":"https:\/\/rna.ao\/rna.ao\/wp-json\/wp\/v2\/posts\/81686\/revisions"}],"predecessor-version":[{"id":81687,"href":"https:\/\/rna.ao\/rna.ao\/wp-json\/wp\/v2\/posts\/81686\/revisions\/81687"}],"wp:featuredmedia":[{"embeddable":true,"href":"https:\/\/rna.ao\/rna.ao\/wp-json\/wp\/v2\/media\/56955"}],"wp:attachment":[{"href":"https:\/\/rna.ao\/rna.ao\/wp-json\/wp\/v2\/media?parent=81686"}],"wp:term":[{"taxonomy":"category","embeddable":true,"href":"https:\/\/rna.ao\/rna.ao\/wp-json\/wp\/v2\/categories?post=81686"},{"taxonomy":"post_tag","embeddable":true,"href":"https:\/\/rna.ao\/rna.ao\/wp-json\/wp\/v2\/tags?post=81686"}],"curies":[{"name":"wp","href":"https:\/\/api.w.org\/{rel}","templated":true}]}}