{"id":81675,"date":"2022-10-28T09:04:13","date_gmt":"2022-10-28T08:04:13","guid":{"rendered":"https:\/\/rna.ao\/rna.ao\/?p=81675"},"modified":"2022-10-28T09:42:01","modified_gmt":"2022-10-28T08:42:01","slug":"governo-avalia-grau-de-cumprimento-do-simplifica","status":"publish","type":"post","link":"https:\/\/rna.ao\/rna.ao\/2022\/10\/28\/governo-avalia-grau-de-cumprimento-do-simplifica\/","title":{"rendered":"Governo avalia grau de cumprimento do Simplifica"},"content":{"rendered":"<p><img loading=\"lazy\" class=\"size-full wp-image-81688 alignleft\" src=\"https:\/\/rna.ao\/rna.ao\/wp-content\/uploads\/2022\/10\/Simplifica-1.0.png\" alt=\"\" width=\"279\" height=\"181\" \/>O Governo come\u00e7a, a partir de hoje, 28 de Outubro, a avaliar o grau de cumprimento das medidas, no quadro do Projecto Simplifica 1.0 e 2.0. As vistas de constata\u00e7\u00e3o t\u00eam como ponto de partida o Munic\u00edpio de Viana, e ser\u00e3o encabe\u00e7adas pelo Secret\u00e1rio do Presidente da Rep\u00fablica para a Reforma do Estado, Pedro Filipe. Saiba mais, no \u00e1udio abaixo, com o rep\u00f3rter Ant\u00f3nio Chocolate:<\/p>\n\t<div class=\"qtmplayer-playlist-large\">\n\t\t<ul class=\"qtmplayer-playlist\">\n\t\t\t\n\t\t\t\t\t<li class=\"qtmplayer-trackitem\">\n\t\t<img src=\"https:\/\/rna.ao\/rna.ao\/wp-content\/uploads\/2022\/10\/Simplifica-1.0-100x100.png\" alt=\"cover\">\t\t<span \t\t\tdata-qtmplayer-cover=\"https:\/\/rna.ao\/rna.ao\/wp-content\/uploads\/2022\/10\/Simplifica-1.0.png\"\n\t\t\t\t\t\tdata-qtmplayer-file=\"https:\/\/rna.ao\/rna.ao\/wp-content\/uploads\/2022\/10\/ANTONIO-CHOCOLATE-07-HRS.mp3\"\n\t\t\t\t\t\tdata-qtmplayer-title=\"Governo avalia grau de cumprimento do Simplifica\"\n\t\t\t\t\t\tdata-qtmplayer-artist=\"RNA\"\n\t\t\t\t\t\tdata-qtmplayer-link=\"https:\/\/rna.ao\/rna.ao\/2022\/10\/28\/governo-avalia-grau-de-cumprimento-do-simplifica\/\"\n\t\t\t\t\t\tdata-qtmplayer-icon=\"file_download\"\n\t\t\t\t\t\tdata-qtmplayer-type=\"track\"\n\t\t\t class=\"qtmplayer-play qtmplayer-link-sec qtmplayer-play-btn\"><i class='material-icons'>play_arrow<\/i><\/span>\n\t\t<p>\n\t\t\t<span class=\"qtmplayer-tit\">Governo avalia grau de cumprimento do Simplifica<\/span>\n\t\t\t<span class=\"qtmplayer-art\">RNA<\/span>\n\t\t<\/p>\n\t<\/li>\n\t\t<\/ul>\n\t<\/div>\t\t\t\n\t\n<p>Fonte: RNA<\/p>\n","protected":false},"excerpt":{"rendered":"<p>O Governo come\u00e7a, a partir de hoje, 28 de Outubro, a avaliar o grau de cumprimento das medidas, no quadro do Projecto Simplifica 1.0 e 2.0. As vistas de constata\u00e7\u00e3o t\u00eam como ponto de partida o Munic\u00edpio de Viana, e ser\u00e3o encabe\u00e7adas pelo Secret\u00e1rio do Presidente da Rep\u00fablica para a ...<\/p>\n","protected":false},"author":8,"featured_media":81688,"comment_status":"closed","ping_status":"closed","sticky":false,"template":"","format":"standard","meta":[],"categories":[141,133,163],"tags":[],"_links":{"self":[{"href":"https:\/\/rna.ao\/rna.ao\/wp-json\/wp\/v2\/posts\/81675"}],"collection":[{"href":"https:\/\/rna.ao\/rna.ao\/wp-json\/wp\/v2\/posts"}],"about":[{"href":"https:\/\/rna.ao\/rna.ao\/wp-json\/wp\/v2\/types\/post"}],"author":[{"embeddable":true,"href":"https:\/\/rna.ao\/rna.ao\/wp-json\/wp\/v2\/users\/8"}],"replies":[{"embeddable":true,"href":"https:\/\/rna.ao\/rna.ao\/wp-json\/wp\/v2\/comments?post=81675"}],"version-history":[{"count":2,"href":"https:\/\/rna.ao\/rna.ao\/wp-json\/wp\/v2\/posts\/81675\/revisions"}],"predecessor-version":[{"id":81689,"href":"https:\/\/rna.ao\/rna.ao\/wp-json\/wp\/v2\/posts\/81675\/revisions\/81689"}],"wp:featuredmedia":[{"embeddable":true,"href":"https:\/\/rna.ao\/rna.ao\/wp-json\/wp\/v2\/media\/81688"}],"wp:attachment":[{"href":"https:\/\/rna.ao\/rna.ao\/wp-json\/wp\/v2\/media?parent=81675"}],"wp:term":[{"taxonomy":"category","embeddable":true,"href":"https:\/\/rna.ao\/rna.ao\/wp-json\/wp\/v2\/categories?post=81675"},{"taxonomy":"post_tag","embeddable":true,"href":"https:\/\/rna.ao\/rna.ao\/wp-json\/wp\/v2\/tags?post=81675"}],"curies":[{"name":"wp","href":"https:\/\/api.w.org\/{rel}","templated":true}]}}