{"id":81671,"date":"2022-10-28T08:58:10","date_gmt":"2022-10-28T07:58:10","guid":{"rendered":"https:\/\/rna.ao\/rna.ao\/?p=81671"},"modified":"2022-10-28T08:58:10","modified_gmt":"2022-10-28T07:58:10","slug":"icolo-e-bengo-trabalha-para-travar-exploracao-ilegal-de-inertes","status":"publish","type":"post","link":"https:\/\/rna.ao\/rna.ao\/2022\/10\/28\/icolo-e-bengo-trabalha-para-travar-exploracao-ilegal-de-inertes\/","title":{"rendered":"Icolo e Bengo trabalha para travar explora\u00e7\u00e3o ilegal de inertes"},"content":{"rendered":"<p><img loading=\"lazy\" class=\"size-full wp-image-81673 alignleft\" src=\"https:\/\/rna.ao\/rna.ao\/wp-content\/uploads\/2022\/10\/Exploracao-ilegal-de-inertes.jpg\" alt=\"\" width=\"482\" height=\"345\" \/>A Administra\u00e7\u00e3o Municipal de Icolo e Bengo trabalha para travar a explora\u00e7\u00e3o ilegal de inertes, naquela regi\u00e3o de Luanda. A informa\u00e7\u00e3o \u00e9 do respons\u00e1vel da fiscaliza\u00e7\u00e3o da Administra\u00e7\u00e3o local, Mateus Luzolo. Clique no \u00e1udio e ou\u00e7a:<\/p>\n\t<div class=\"qtmplayer-playlist-large\">\n\t\t<ul class=\"qtmplayer-playlist\">\n\t\t\t\n\t\t\t\t\t<li class=\"qtmplayer-trackitem\">\n\t\t<img src=\"https:\/\/rna.ao\/rna.ao\/wp-content\/uploads\/2022\/10\/Exploracao-ilegal-de-inertes-100x100.jpg\" alt=\"cover\">\t\t<span \t\t\tdata-qtmplayer-cover=\"https:\/\/rna.ao\/rna.ao\/wp-content\/uploads\/2022\/10\/Exploracao-ilegal-de-inertes.jpg\"\n\t\t\t\t\t\tdata-qtmplayer-file=\"https:\/\/rna.ao\/rna.ao\/wp-content\/uploads\/2022\/10\/MANUEL-LUZOLO-1-.mp3\"\n\t\t\t\t\t\tdata-qtmplayer-title=\"Icolo e Bengo trabalha para travar explora\u00e7\u00e3o ilegal de inertes\"\n\t\t\t\t\t\tdata-qtmplayer-artist=\"RNA\"\n\t\t\t\t\t\tdata-qtmplayer-link=\"https:\/\/rna.ao\/rna.ao\/2022\/10\/28\/icolo-e-bengo-trabalha-para-travar-exploracao-ilegal-de-inertes\/\"\n\t\t\t\t\t\tdata-qtmplayer-icon=\"file_download\"\n\t\t\t\t\t\tdata-qtmplayer-type=\"track\"\n\t\t\t class=\"qtmplayer-play qtmplayer-link-sec qtmplayer-play-btn\"><i class='material-icons'>play_arrow<\/i><\/span>\n\t\t<p>\n\t\t\t<span class=\"qtmplayer-tit\">Icolo e Bengo trabalha para travar explora\u00e7\u00e3o ilegal de inertes<\/span>\n\t\t\t<span class=\"qtmplayer-art\">RNA<\/span>\n\t\t<\/p>\n\t<\/li>\n\t\t<\/ul>\n\t<\/div>\t\t\t\n\t\n<p>Fonte: R\u00e1dio Luanda\/RNA<\/p>\n<p>&nbsp;<\/p>\n","protected":false},"excerpt":{"rendered":"<p>A Administra\u00e7\u00e3o Municipal de Icolo e Bengo trabalha para travar a explora\u00e7\u00e3o ilegal de inertes, naquela regi\u00e3o de Luanda. A informa\u00e7\u00e3o \u00e9 do respons\u00e1vel da fiscaliza\u00e7\u00e3o da Administra\u00e7\u00e3o local, Mateus Luzolo. Clique no \u00e1udio e ou\u00e7a: Fonte: R\u00e1dio Luanda\/RNA &nbsp;<\/p>\n","protected":false},"author":8,"featured_media":81673,"comment_status":"closed","ping_status":"closed","sticky":false,"template":"","format":"standard","meta":[],"categories":[141,133],"tags":[],"_links":{"self":[{"href":"https:\/\/rna.ao\/rna.ao\/wp-json\/wp\/v2\/posts\/81671"}],"collection":[{"href":"https:\/\/rna.ao\/rna.ao\/wp-json\/wp\/v2\/posts"}],"about":[{"href":"https:\/\/rna.ao\/rna.ao\/wp-json\/wp\/v2\/types\/post"}],"author":[{"embeddable":true,"href":"https:\/\/rna.ao\/rna.ao\/wp-json\/wp\/v2\/users\/8"}],"replies":[{"embeddable":true,"href":"https:\/\/rna.ao\/rna.ao\/wp-json\/wp\/v2\/comments?post=81671"}],"version-history":[{"count":1,"href":"https:\/\/rna.ao\/rna.ao\/wp-json\/wp\/v2\/posts\/81671\/revisions"}],"predecessor-version":[{"id":81674,"href":"https:\/\/rna.ao\/rna.ao\/wp-json\/wp\/v2\/posts\/81671\/revisions\/81674"}],"wp:featuredmedia":[{"embeddable":true,"href":"https:\/\/rna.ao\/rna.ao\/wp-json\/wp\/v2\/media\/81673"}],"wp:attachment":[{"href":"https:\/\/rna.ao\/rna.ao\/wp-json\/wp\/v2\/media?parent=81671"}],"wp:term":[{"taxonomy":"category","embeddable":true,"href":"https:\/\/rna.ao\/rna.ao\/wp-json\/wp\/v2\/categories?post=81671"},{"taxonomy":"post_tag","embeddable":true,"href":"https:\/\/rna.ao\/rna.ao\/wp-json\/wp\/v2\/tags?post=81671"}],"curies":[{"name":"wp","href":"https:\/\/api.w.org\/{rel}","templated":true}]}}