{"id":81668,"date":"2022-10-28T08:54:06","date_gmt":"2022-10-28T07:54:06","guid":{"rendered":"https:\/\/rna.ao\/rna.ao\/?p=81668"},"modified":"2022-10-28T08:54:06","modified_gmt":"2022-10-28T07:54:06","slug":"parte-da-cidade-de-luanda-privada-do-fornecimento-de-agua-potavel-devido-a-rupturas","status":"publish","type":"post","link":"https:\/\/rna.ao\/rna.ao\/2022\/10\/28\/parte-da-cidade-de-luanda-privada-do-fornecimento-de-agua-potavel-devido-a-rupturas\/","title":{"rendered":"Parte da Cidade de Luanda privada do fornecimento de \u00e1gua pot\u00e1vel devido \u00e0 rupturas"},"content":{"rendered":"<p><img loading=\"lazy\" class=\"size-full wp-image-24135 alignleft\" src=\"https:\/\/rna.ao\/rna.ao\/wp-content\/uploads\/2021\/05\/falta-agua.jpg\" alt=\"\" width=\"288\" height=\"178\" \/>Parte da Cidade de Luanda encontra-se privada do fornecimento de \u00e1gua pot\u00e1vel. De acordo com o Porta-voz da Empresa P\u00fablica de \u00c1guas de Luanda, Vladimir Bernardo, a situa\u00e7\u00e3o deve-se \u00e0 roturas. Clique no \u00e1udio e ou\u00e7a:<\/p>\n\t<div class=\"qtmplayer-playlist-large\">\n\t\t<ul class=\"qtmplayer-playlist\">\n\t\t\t\n\t\t\t\t\t<li class=\"qtmplayer-trackitem\">\n\t\t<img src=\"https:\/\/rna.ao\/rna.ao\/wp-content\/uploads\/2021\/05\/falta-agua-100x100.jpg\" alt=\"cover\">\t\t<span \t\t\tdata-qtmplayer-cover=\"https:\/\/rna.ao\/rna.ao\/wp-content\/uploads\/2021\/05\/falta-agua.jpg\"\n\t\t\t\t\t\tdata-qtmplayer-file=\"https:\/\/rna.ao\/rna.ao\/wp-content\/uploads\/2022\/10\/EPAL-PORTA-VOZ-.mp3\"\n\t\t\t\t\t\tdata-qtmplayer-title=\"Parte da Cidade de Luanda privada do fornecimento de \u00e1gua pot\u00e1vel devido \u00e0 rupturas\"\n\t\t\t\t\t\tdata-qtmplayer-artist=\"RNA\"\n\t\t\t\t\t\tdata-qtmplayer-link=\"https:\/\/rna.ao\/rna.ao\/2022\/10\/28\/parte-da-cidade-de-luanda-privada-do-fornecimento-de-agua-potavel-devido-a-rupturas\/\"\n\t\t\t\t\t\tdata-qtmplayer-icon=\"file_download\"\n\t\t\t\t\t\tdata-qtmplayer-type=\"track\"\n\t\t\t class=\"qtmplayer-play qtmplayer-link-sec qtmplayer-play-btn\"><i class='material-icons'>play_arrow<\/i><\/span>\n\t\t<p>\n\t\t\t<span class=\"qtmplayer-tit\">Parte da Cidade de Luanda privada do fornecimento de \u00e1gua pot\u00e1vel devido \u00e0 rupturas<\/span>\n\t\t\t<span class=\"qtmplayer-art\">RNA<\/span>\n\t\t<\/p>\n\t<\/li>\n\t\t<\/ul>\n\t<\/div>\t\t\t\n\t\n<p><b>Fonte: R\u00e1dio Luanda\/RNA<\/b><\/p>\n<p>&nbsp;<\/p>\n","protected":false},"excerpt":{"rendered":"<p>Parte da Cidade de Luanda encontra-se privada do fornecimento de \u00e1gua pot\u00e1vel. De acordo com o Porta-voz da Empresa P\u00fablica de \u00c1guas de Luanda, Vladimir Bernardo, a situa\u00e7\u00e3o deve-se \u00e0 roturas. Clique no \u00e1udio e ou\u00e7a: Fonte: R\u00e1dio Luanda\/RNA &nbsp;<\/p>\n","protected":false},"author":8,"featured_media":24135,"comment_status":"closed","ping_status":"closed","sticky":false,"template":"","format":"standard","meta":[],"categories":[141,133],"tags":[],"_links":{"self":[{"href":"https:\/\/rna.ao\/rna.ao\/wp-json\/wp\/v2\/posts\/81668"}],"collection":[{"href":"https:\/\/rna.ao\/rna.ao\/wp-json\/wp\/v2\/posts"}],"about":[{"href":"https:\/\/rna.ao\/rna.ao\/wp-json\/wp\/v2\/types\/post"}],"author":[{"embeddable":true,"href":"https:\/\/rna.ao\/rna.ao\/wp-json\/wp\/v2\/users\/8"}],"replies":[{"embeddable":true,"href":"https:\/\/rna.ao\/rna.ao\/wp-json\/wp\/v2\/comments?post=81668"}],"version-history":[{"count":1,"href":"https:\/\/rna.ao\/rna.ao\/wp-json\/wp\/v2\/posts\/81668\/revisions"}],"predecessor-version":[{"id":81670,"href":"https:\/\/rna.ao\/rna.ao\/wp-json\/wp\/v2\/posts\/81668\/revisions\/81670"}],"wp:featuredmedia":[{"embeddable":true,"href":"https:\/\/rna.ao\/rna.ao\/wp-json\/wp\/v2\/media\/24135"}],"wp:attachment":[{"href":"https:\/\/rna.ao\/rna.ao\/wp-json\/wp\/v2\/media?parent=81668"}],"wp:term":[{"taxonomy":"category","embeddable":true,"href":"https:\/\/rna.ao\/rna.ao\/wp-json\/wp\/v2\/categories?post=81668"},{"taxonomy":"post_tag","embeddable":true,"href":"https:\/\/rna.ao\/rna.ao\/wp-json\/wp\/v2\/tags?post=81668"}],"curies":[{"name":"wp","href":"https:\/\/api.w.org\/{rel}","templated":true}]}}