{"id":81638,"date":"2022-10-28T05:45:38","date_gmt":"2022-10-28T04:45:38","guid":{"rendered":"https:\/\/rna.ao\/rna.ao\/?p=81638"},"modified":"2022-10-28T06:40:07","modified_gmt":"2022-10-28T05:40:07","slug":"senhoras-do-andebol-ja-em-solo-austriaco-no-esboco-ao-africano-do-senegal","status":"publish","type":"post","link":"https:\/\/rna.ao\/rna.ao\/2022\/10\/28\/senhoras-do-andebol-ja-em-solo-austriaco-no-esboco-ao-africano-do-senegal\/","title":{"rendered":"Senhoras do andebol j\u00e1 em solo austr\u00edaco no esbo\u00e7o ao africano do Senegal"},"content":{"rendered":"<p><img loading=\"lazy\" class=\"size-full wp-image-45411 alignleft\" src=\"https:\/\/rna.ao\/rna.ao\/wp-content\/uploads\/2021\/12\/selecao-Andebol-Feminino.png\" alt=\"\" width=\"277\" height=\"226\" \/>Campe\u00e3s africanas j\u00e1 em Viena. Em solo austr\u00edaco, a selec\u00e7\u00e3o nacional s\u00e9nior feminina tem agendados dois jogos particulares com a cong\u00e9nere local, na projec\u00e7\u00e3o ao africano do Senegal, de 9 \u00e0 19 do pr\u00f3ximo m\u00eas. S\u00e1bado, 29 de Outubro, as campe\u00e3s africanas deixam \u00c1ustria, seguindo para a Hungria, onde culmina o est\u00e1gio pr\u00e9 competitivo. Juliana Machado, ponta-direita do sete nacional, sublinha a entrega do grupo nas sess\u00f5es de treinamento. Clique no \u00e1udio e ou\u00e7a:<\/p>\n\t<div class=\"qtmplayer-playlist-large\">\n\t\t<ul class=\"qtmplayer-playlist\">\n\t\t\t\n\t\t\t\t\t<li class=\"qtmplayer-trackitem\">\n\t\t<img src=\"https:\/\/rna.ao\/rna.ao\/wp-content\/uploads\/2021\/12\/selecao-Andebol-Feminino-100x100.png\" alt=\"cover\">\t\t<span \t\t\tdata-qtmplayer-cover=\"https:\/\/rna.ao\/rna.ao\/wp-content\/uploads\/2021\/12\/selecao-Andebol-Feminino.png\"\n\t\t\t\t\t\tdata-qtmplayer-file=\"https:\/\/rna.ao\/rna.ao\/wp-content\/uploads\/2022\/10\/1-JULIANA-MACHADO-28-10-22.mp3\"\n\t\t\t\t\t\tdata-qtmplayer-title=\"Senhoras do andebol j\u00e1 em solo austr\u00edaco no esbo\u00e7o ao africano do Senegal\"\n\t\t\t\t\t\tdata-qtmplayer-artist=\"RNA\"\n\t\t\t\t\t\tdata-qtmplayer-link=\"https:\/\/rna.ao\/rna.ao\/2022\/10\/28\/senhoras-do-andebol-ja-em-solo-austriaco-no-esboco-ao-africano-do-senegal\/\"\n\t\t\t\t\t\tdata-qtmplayer-icon=\"file_download\"\n\t\t\t\t\t\tdata-qtmplayer-type=\"track\"\n\t\t\t class=\"qtmplayer-play qtmplayer-link-sec qtmplayer-play-btn\"><i class='material-icons'>play_arrow<\/i><\/span>\n\t\t<p>\n\t\t\t<span class=\"qtmplayer-tit\">Senhoras do andebol j\u00e1 em solo austr\u00edaco no esbo\u00e7o ao africano do Senegal<\/span>\n\t\t\t<span class=\"qtmplayer-art\">RNA<\/span>\n\t\t<\/p>\n\t<\/li>\n\t\t<\/ul>\n\t<\/div>\t\t\t\n\t\n<p>De referir que, na competi\u00e7\u00e3o continental, as campe\u00e3s africanas estreiam-se no dia 10 de Novembro frente a Arg\u00e9lia, para o grupo A, onde figuram igualmente Cabo Verde e Congo Democr\u00e1tico.<\/p>\n<p>Fonte: R\u00e1dio 5\/RNA<\/p>\n","protected":false},"excerpt":{"rendered":"<p>Campe\u00e3s africanas j\u00e1 em Viena. Em solo austr\u00edaco, a selec\u00e7\u00e3o nacional s\u00e9nior feminina tem agendados dois jogos particulares com a cong\u00e9nere local, na projec\u00e7\u00e3o ao africano do Senegal, de 9 \u00e0 19 do pr\u00f3ximo m\u00eas. S\u00e1bado, 29 de Outubro, as campe\u00e3s africanas deixam \u00c1ustria, seguindo para a Hungria, onde culmina ...<\/p>\n","protected":false},"author":8,"featured_media":45411,"comment_status":"closed","ping_status":"closed","sticky":false,"template":"","format":"standard","meta":[],"categories":[145,125,164],"tags":[],"_links":{"self":[{"href":"https:\/\/rna.ao\/rna.ao\/wp-json\/wp\/v2\/posts\/81638"}],"collection":[{"href":"https:\/\/rna.ao\/rna.ao\/wp-json\/wp\/v2\/posts"}],"about":[{"href":"https:\/\/rna.ao\/rna.ao\/wp-json\/wp\/v2\/types\/post"}],"author":[{"embeddable":true,"href":"https:\/\/rna.ao\/rna.ao\/wp-json\/wp\/v2\/users\/8"}],"replies":[{"embeddable":true,"href":"https:\/\/rna.ao\/rna.ao\/wp-json\/wp\/v2\/comments?post=81638"}],"version-history":[{"count":1,"href":"https:\/\/rna.ao\/rna.ao\/wp-json\/wp\/v2\/posts\/81638\/revisions"}],"predecessor-version":[{"id":81641,"href":"https:\/\/rna.ao\/rna.ao\/wp-json\/wp\/v2\/posts\/81638\/revisions\/81641"}],"wp:featuredmedia":[{"embeddable":true,"href":"https:\/\/rna.ao\/rna.ao\/wp-json\/wp\/v2\/media\/45411"}],"wp:attachment":[{"href":"https:\/\/rna.ao\/rna.ao\/wp-json\/wp\/v2\/media?parent=81638"}],"wp:term":[{"taxonomy":"category","embeddable":true,"href":"https:\/\/rna.ao\/rna.ao\/wp-json\/wp\/v2\/categories?post=81638"},{"taxonomy":"post_tag","embeddable":true,"href":"https:\/\/rna.ao\/rna.ao\/wp-json\/wp\/v2\/tags?post=81638"}],"curies":[{"name":"wp","href":"https:\/\/api.w.org\/{rel}","templated":true}]}}