{"id":79662,"date":"2022-10-10T09:52:38","date_gmt":"2022-10-10T08:52:38","guid":{"rendered":"https:\/\/rna.ao\/rna.ao\/?p=79662"},"modified":"2022-10-10T09:52:38","modified_gmt":"2022-10-10T08:52:38","slug":"luanda-acolhe-primeira-edicao-da-feira-pecuaria","status":"publish","type":"post","link":"https:\/\/rna.ao\/rna.ao\/2022\/10\/10\/luanda-acolhe-primeira-edicao-da-feira-pecuaria\/","title":{"rendered":"Luanda acolhe primeira edi\u00e7\u00e3o da feira pecu\u00e1ria"},"content":{"rendered":"<p><img loading=\"lazy\" class=\" wp-image-56955 aligncenter\" src=\"https:\/\/rna.ao\/rna.ao\/wp-content\/uploads\/2022\/03\/luanda_marginal_7082295016102709c93fda.jpg\" alt=\"\" width=\"837\" height=\"479\" \/>A cidade de Luanda vai acolher nos dias 21, 22 e 23 deste m\u00eas, a primeira edi\u00e7\u00e3o da Feira Pecu\u00e1ria. Numa iniciativa da Cooperativa Pecu\u00e1ria de Luanda, o objetivo do certame, \u00e9 mostrar as potencialidades dos criadores de gado na Prov\u00edncia. Clique no \u00e1udio e ou\u00e7a:<\/p>\n\t<div class=\"qtmplayer-playlist-large\">\n\t\t<ul class=\"qtmplayer-playlist\">\n\t\t\t\n\t\t\t\t\t<li class=\"qtmplayer-trackitem\">\n\t\t<img src=\"https:\/\/rna.ao\/rna.ao\/wp-content\/uploads\/2022\/03\/5bd9b60d8d988af533d6431e_Luanda-100x100.jpg\" alt=\"cover\">\t\t<span \t\t\tdata-qtmplayer-cover=\"https:\/\/rna.ao\/rna.ao\/wp-content\/uploads\/2022\/03\/5bd9b60d8d988af533d6431e_Luanda-370x370.jpg\"\n\t\t\t\t\t\tdata-qtmplayer-file=\"https:\/\/rna.ao\/rna.ao\/wp-content\/uploads\/2022\/10\/ABILIO-JOSE-FEIRA.mp3\"\n\t\t\t\t\t\tdata-qtmplayer-title=\"Luanda acolhe primeira edi\u00e7\u00e3o da feira pecu\u00e1ria\"\n\t\t\t\t\t\tdata-qtmplayer-artist=\"RNA\"\n\t\t\t\t\t\tdata-qtmplayer-link=\"https:\/\/rna.ao\/rna.ao\/2022\/10\/10\/luanda-acolhe-primeira-edicao-da-feira-pecuaria\/\"\n\t\t\t\t\t\tdata-qtmplayer-icon=\"file_download\"\n\t\t\t\t\t\tdata-qtmplayer-type=\"track\"\n\t\t\t class=\"qtmplayer-play qtmplayer-link-sec qtmplayer-play-btn\"><i class='material-icons'>play_arrow<\/i><\/span>\n\t\t<p>\n\t\t\t<span class=\"qtmplayer-tit\">Luanda acolhe primeira edi\u00e7\u00e3o da feira pecu\u00e1ria<\/span>\n\t\t\t<span class=\"qtmplayer-art\">RNA<\/span>\n\t\t<\/p>\n\t<\/li>\n\t\t<\/ul>\n\t<\/div>\t\t\t\n\t\n<p>Fonte: R\u00e1dio Luanda\/RNA<\/p>\n<p>&nbsp;<\/p>\n<p>&nbsp;<\/p>\n","protected":false},"excerpt":{"rendered":"<p>A cidade de Luanda vai acolher nos dias 21, 22 e 23 deste m\u00eas, a primeira edi\u00e7\u00e3o da Feira Pecu\u00e1ria. Numa iniciativa da Cooperativa Pecu\u00e1ria de Luanda, o objetivo do certame, \u00e9 mostrar as potencialidades dos criadores de gado na Prov\u00edncia. Clique no \u00e1udio e ou\u00e7a: Fonte: R\u00e1dio Luanda\/RNA &nbsp; ...<\/p>\n","protected":false},"author":8,"featured_media":56956,"comment_status":"closed","ping_status":"closed","sticky":false,"template":"","format":"standard","meta":[],"categories":[141,133],"tags":[],"_links":{"self":[{"href":"https:\/\/rna.ao\/rna.ao\/wp-json\/wp\/v2\/posts\/79662"}],"collection":[{"href":"https:\/\/rna.ao\/rna.ao\/wp-json\/wp\/v2\/posts"}],"about":[{"href":"https:\/\/rna.ao\/rna.ao\/wp-json\/wp\/v2\/types\/post"}],"author":[{"embeddable":true,"href":"https:\/\/rna.ao\/rna.ao\/wp-json\/wp\/v2\/users\/8"}],"replies":[{"embeddable":true,"href":"https:\/\/rna.ao\/rna.ao\/wp-json\/wp\/v2\/comments?post=79662"}],"version-history":[{"count":1,"href":"https:\/\/rna.ao\/rna.ao\/wp-json\/wp\/v2\/posts\/79662\/revisions"}],"predecessor-version":[{"id":79664,"href":"https:\/\/rna.ao\/rna.ao\/wp-json\/wp\/v2\/posts\/79662\/revisions\/79664"}],"wp:featuredmedia":[{"embeddable":true,"href":"https:\/\/rna.ao\/rna.ao\/wp-json\/wp\/v2\/media\/56956"}],"wp:attachment":[{"href":"https:\/\/rna.ao\/rna.ao\/wp-json\/wp\/v2\/media?parent=79662"}],"wp:term":[{"taxonomy":"category","embeddable":true,"href":"https:\/\/rna.ao\/rna.ao\/wp-json\/wp\/v2\/categories?post=79662"},{"taxonomy":"post_tag","embeddable":true,"href":"https:\/\/rna.ao\/rna.ao\/wp-json\/wp\/v2\/tags?post=79662"}],"curies":[{"name":"wp","href":"https:\/\/api.w.org\/{rel}","templated":true}]}}