{"id":79357,"date":"2022-10-07T08:55:01","date_gmt":"2022-10-07T07:55:01","guid":{"rendered":"https:\/\/rna.ao\/rna.ao\/?p=79357"},"modified":"2022-10-07T08:55:01","modified_gmt":"2022-10-07T07:55:01","slug":"cnj-e-mat-discutiram-modalidade-de-cedencia-de-terras-para-o-fomento-cooperativas-agricolas","status":"publish","type":"post","link":"https:\/\/rna.ao\/rna.ao\/2022\/10\/07\/cnj-e-mat-discutiram-modalidade-de-cedencia-de-terras-para-o-fomento-cooperativas-agricolas\/","title":{"rendered":"CNJ e MAT discutiram modalidade de ced\u00eancia de terras para o fomento cooperativas agr\u00edcolas"},"content":{"rendered":"<p><img loading=\"lazy\" class=\"size-full wp-image-68187 alignleft\" src=\"https:\/\/rna.ao\/rna.ao\/wp-content\/uploads\/2022\/06\/conflito-terra-rede-angola-500x251-1.jpg\" alt=\"\" width=\"500\" height=\"251\" \/>O Conselho Nacional da Juventude e o Minist\u00e9rio da Administra\u00e7\u00e3o do Territ\u00f3rio, discutiram modalidades para a ced\u00eancia de terra para o fomento de cooperativas agr\u00edcolas no seio da juventude e a constru\u00e7\u00e3o de sede para o CNJ. Isa\u00edas Calunga, presidente do CNJ, entende que o foi tomada boa nota das inquieta\u00e7\u00f5es apresentadas e, foi tamb\u00e9m manifestada a necessidade de haver sedes do CNJ em todo pais. Clique, no \u00e1udio abaixo, e ou\u00e7a:<\/p>\n\t<div class=\"qtmplayer-playlist-large\">\n\t\t<ul class=\"qtmplayer-playlist\">\n\t\t\t\n\t\t\t\t\t<li class=\"qtmplayer-trackitem\">\n\t\t<img src=\"https:\/\/rna.ao\/rna.ao\/wp-content\/uploads\/2021\/08\/Isaias-kalunga-100x100.jpg\" alt=\"cover\">\t\t<span \t\t\tdata-qtmplayer-cover=\"https:\/\/rna.ao\/rna.ao\/wp-content\/uploads\/2021\/08\/Isaias-kalunga.jpg\"\n\t\t\t\t\t\tdata-qtmplayer-file=\"https:\/\/rna.ao\/rna.ao\/wp-content\/uploads\/2022\/10\/ISAIAS-CALUNGA-.mp3\"\n\t\t\t\t\t\tdata-qtmplayer-title=\"CNJ e MAT discutiram modalidade de ced\u00eancia de terras para o fomento cooperativas agr\u00edcolas\"\n\t\t\t\t\t\tdata-qtmplayer-artist=\"RNA\"\n\t\t\t\t\t\tdata-qtmplayer-link=\"https:\/\/rna.ao\/rna.ao\/2022\/10\/07\/cnj-e-mat-discutiram-modalidade-de-cedencia-de-terras-para-o-fomento-cooperativas-agricolas\/\"\n\t\t\t\t\t\tdata-qtmplayer-icon=\"file_download\"\n\t\t\t\t\t\tdata-qtmplayer-type=\"track\"\n\t\t\t class=\"qtmplayer-play qtmplayer-link-sec qtmplayer-play-btn\"><i class='material-icons'>play_arrow<\/i><\/span>\n\t\t<p>\n\t\t\t<span class=\"qtmplayer-tit\">CNJ e MAT discutiram modalidade de ced\u00eancia de terras para o fomento cooperativas agr\u00edcolas<\/span>\n\t\t\t<span class=\"qtmplayer-art\">RNA<\/span>\n\t\t<\/p>\n\t<\/li>\n\t\t<\/ul>\n\t<\/div>\t\t\t\n\t\n<p><strong>\u00a0<\/strong>E o Ministro da Administra\u00e7\u00e3o do Territ\u00f3rio, Dion\u00edsio da Fonseca, garantiu que vai interceder junto dos Governos Provinciais em nome da Juventude. Clique, no \u00e1udio abaixo, e ou\u00e7a:<\/p>\n\t<div class=\"qtmplayer-playlist-large\">\n\t\t<ul class=\"qtmplayer-playlist\">\n\t\t\t\n\t\t\t\t\t<li class=\"qtmplayer-trackitem\">\n\t\t<img src=\"https:\/\/rna.ao\/rna.ao\/wp-content\/uploads\/2021\/08\/Isaias-kalunga-100x100.jpg\" alt=\"cover\">\t\t<span \t\t\tdata-qtmplayer-cover=\"https:\/\/rna.ao\/rna.ao\/wp-content\/uploads\/2021\/08\/Isaias-kalunga.jpg\"\n\t\t\t\t\t\tdata-qtmplayer-file=\"https:\/\/rna.ao\/rna.ao\/wp-content\/uploads\/2022\/10\/MINISTRO-DIONIGIO-DA-FONSECA-.mp3\"\n\t\t\t\t\t\tdata-qtmplayer-title=\"CNJ e MAT discutiram modalidade de ced\u00eancia de terras para o fomento cooperativas agr\u00edcolas\"\n\t\t\t\t\t\tdata-qtmplayer-artist=\"RNA\"\n\t\t\t\t\t\tdata-qtmplayer-link=\"https:\/\/rna.ao\/rna.ao\/2022\/10\/07\/cnj-e-mat-discutiram-modalidade-de-cedencia-de-terras-para-o-fomento-cooperativas-agricolas\/\"\n\t\t\t\t\t\tdata-qtmplayer-icon=\"file_download\"\n\t\t\t\t\t\tdata-qtmplayer-type=\"track\"\n\t\t\t class=\"qtmplayer-play qtmplayer-link-sec qtmplayer-play-btn\"><i class='material-icons'>play_arrow<\/i><\/span>\n\t\t<p>\n\t\t\t<span class=\"qtmplayer-tit\">CNJ e MAT discutiram modalidade de ced\u00eancia de terras para o fomento cooperativas agr\u00edcolas<\/span>\n\t\t\t<span class=\"qtmplayer-art\">RNA<\/span>\n\t\t<\/p>\n\t<\/li>\n\t\t<\/ul>\n\t<\/div>\t\t\t\n\t\n","protected":false},"excerpt":{"rendered":"<p>O Conselho Nacional da Juventude e o Minist\u00e9rio da Administra\u00e7\u00e3o do Territ\u00f3rio, discutiram modalidades para a ced\u00eancia de terra para o fomento de cooperativas agr\u00edcolas no seio da juventude e a constru\u00e7\u00e3o de sede para o CNJ. Isa\u00edas Calunga, presidente do CNJ, entende que o foi tomada boa nota das ...<\/p>\n","protected":false},"author":8,"featured_media":33385,"comment_status":"closed","ping_status":"closed","sticky":false,"template":"","format":"standard","meta":[],"categories":[141,133],"tags":[],"_links":{"self":[{"href":"https:\/\/rna.ao\/rna.ao\/wp-json\/wp\/v2\/posts\/79357"}],"collection":[{"href":"https:\/\/rna.ao\/rna.ao\/wp-json\/wp\/v2\/posts"}],"about":[{"href":"https:\/\/rna.ao\/rna.ao\/wp-json\/wp\/v2\/types\/post"}],"author":[{"embeddable":true,"href":"https:\/\/rna.ao\/rna.ao\/wp-json\/wp\/v2\/users\/8"}],"replies":[{"embeddable":true,"href":"https:\/\/rna.ao\/rna.ao\/wp-json\/wp\/v2\/comments?post=79357"}],"version-history":[{"count":1,"href":"https:\/\/rna.ao\/rna.ao\/wp-json\/wp\/v2\/posts\/79357\/revisions"}],"predecessor-version":[{"id":79360,"href":"https:\/\/rna.ao\/rna.ao\/wp-json\/wp\/v2\/posts\/79357\/revisions\/79360"}],"wp:featuredmedia":[{"embeddable":true,"href":"https:\/\/rna.ao\/rna.ao\/wp-json\/wp\/v2\/media\/33385"}],"wp:attachment":[{"href":"https:\/\/rna.ao\/rna.ao\/wp-json\/wp\/v2\/media?parent=79357"}],"wp:term":[{"taxonomy":"category","embeddable":true,"href":"https:\/\/rna.ao\/rna.ao\/wp-json\/wp\/v2\/categories?post=79357"},{"taxonomy":"post_tag","embeddable":true,"href":"https:\/\/rna.ao\/rna.ao\/wp-json\/wp\/v2\/tags?post=79357"}],"curies":[{"name":"wp","href":"https:\/\/api.w.org\/{rel}","templated":true}]}}