{"id":79353,"date":"2022-10-07T08:47:48","date_gmt":"2022-10-07T07:47:48","guid":{"rendered":"https:\/\/rna.ao\/rna.ao\/?p=79353"},"modified":"2022-10-07T08:47:48","modified_gmt":"2022-10-07T07:47:48","slug":"governador-de-luanda-ausculta-populacao-do-kilamba-kiaxi","status":"publish","type":"post","link":"https:\/\/rna.ao\/rna.ao\/2022\/10\/07\/governador-de-luanda-ausculta-populacao-do-kilamba-kiaxi\/","title":{"rendered":"Governador de Luanda ausculta popula\u00e7\u00e3o do Kilamba Kiaxi"},"content":{"rendered":"<p><img loading=\"lazy\" class=\"size-full wp-image-76370 alignleft\" src=\"https:\/\/rna.ao\/rna.ao\/wp-content\/uploads\/2022\/09\/Administracao-Kilamba-Kiaxi.jpg\" alt=\"\" width=\"259\" height=\"194\" \/>O Munic\u00edpio do Kilamba-Kiaxi, foi escolhido para uma jornada de trabalho efectuada pelo Governador da Prov\u00edncia de Luanda, Manuel Homem, tendo sido a segunda circunscri\u00e7\u00e3o a ser visitada depois de ter realizada a primeira visita ao Munic\u00edpio de Viana.<\/p>\n<p>Manuel Homem come\u00e7ou a sua jornada de trabalho com a deposi\u00e7\u00e3o de coroa de flores ao Busto em mem\u00f3ria ao Primeiro Presidente da Rep\u00fablica de Angola, Ant\u00f3nio Agostinho Neto. O encontro que aconteceu no Instituto Superior Polit\u00e9cnico Toco\u00edsta, teve como objetivo auscultar as principais afli\u00e7\u00f5es que inquietam os mun\u00edcipes naquela parcela da prov\u00edncia de Luanda.\u00a0No final, o administrador Municipal do Kialmba-Kiaxi, Fernando Cardoso, disse que auscultar a popula\u00e7\u00e3o \u00e9 sempre uma ac\u00e7\u00e3o favor\u00e1vel para resolu\u00e7\u00e3o de alguns problemas.<\/p>\n\t<div class=\"qtmplayer-playlist-large\">\n\t\t<ul class=\"qtmplayer-playlist\">\n\t\t\t\n\t\t\t\t\t<li class=\"qtmplayer-trackitem\">\n\t\t<img src=\"https:\/\/rna.ao\/rna.ao\/wp-content\/uploads\/2022\/10\/Fernando-Cardoso-100x100.jpg\" alt=\"cover\">\t\t<span \t\t\tdata-qtmplayer-cover=\"https:\/\/rna.ao\/rna.ao\/wp-content\/uploads\/2022\/10\/Fernando-Cardoso.jpg\"\n\t\t\t\t\t\tdata-qtmplayer-file=\"https:\/\/rna.ao\/rna.ao\/wp-content\/uploads\/2022\/10\/FERNANDO-CARDOSO-KILAMBA-KIAXI-.mp3\"\n\t\t\t\t\t\tdata-qtmplayer-title=\"Governador de Luanda ausculta popula\u00e7\u00e3o do Kilamba Kiaxi\"\n\t\t\t\t\t\tdata-qtmplayer-artist=\"RNA\"\n\t\t\t\t\t\tdata-qtmplayer-link=\"https:\/\/rna.ao\/rna.ao\/2022\/10\/07\/governador-de-luanda-ausculta-populacao-do-kilamba-kiaxi\/\"\n\t\t\t\t\t\tdata-qtmplayer-icon=\"file_download\"\n\t\t\t\t\t\tdata-qtmplayer-type=\"track\"\n\t\t\t class=\"qtmplayer-play qtmplayer-link-sec qtmplayer-play-btn\"><i class='material-icons'>play_arrow<\/i><\/span>\n\t\t<p>\n\t\t\t<span class=\"qtmplayer-tit\">Governador de Luanda ausculta popula\u00e7\u00e3o do Kilamba Kiaxi<\/span>\n\t\t\t<span class=\"qtmplayer-art\">RNA<\/span>\n\t\t<\/p>\n\t<\/li>\n\t\t<\/ul>\n\t<\/div>\t\t\t\n\t\n","protected":false},"excerpt":{"rendered":"<p>O Munic\u00edpio do Kilamba-Kiaxi, foi escolhido para uma jornada de trabalho efectuada pelo Governador da Prov\u00edncia de Luanda, Manuel Homem, tendo sido a segunda circunscri\u00e7\u00e3o a ser visitada depois de ter realizada a primeira visita ao Munic\u00edpio de Viana. Manuel Homem come\u00e7ou a sua jornada de trabalho com a deposi\u00e7\u00e3o ...<\/p>\n","protected":false},"author":8,"featured_media":79355,"comment_status":"closed","ping_status":"closed","sticky":false,"template":"","format":"standard","meta":[],"categories":[141,133],"tags":[],"_links":{"self":[{"href":"https:\/\/rna.ao\/rna.ao\/wp-json\/wp\/v2\/posts\/79353"}],"collection":[{"href":"https:\/\/rna.ao\/rna.ao\/wp-json\/wp\/v2\/posts"}],"about":[{"href":"https:\/\/rna.ao\/rna.ao\/wp-json\/wp\/v2\/types\/post"}],"author":[{"embeddable":true,"href":"https:\/\/rna.ao\/rna.ao\/wp-json\/wp\/v2\/users\/8"}],"replies":[{"embeddable":true,"href":"https:\/\/rna.ao\/rna.ao\/wp-json\/wp\/v2\/comments?post=79353"}],"version-history":[{"count":1,"href":"https:\/\/rna.ao\/rna.ao\/wp-json\/wp\/v2\/posts\/79353\/revisions"}],"predecessor-version":[{"id":79356,"href":"https:\/\/rna.ao\/rna.ao\/wp-json\/wp\/v2\/posts\/79353\/revisions\/79356"}],"wp:featuredmedia":[{"embeddable":true,"href":"https:\/\/rna.ao\/rna.ao\/wp-json\/wp\/v2\/media\/79355"}],"wp:attachment":[{"href":"https:\/\/rna.ao\/rna.ao\/wp-json\/wp\/v2\/media?parent=79353"}],"wp:term":[{"taxonomy":"category","embeddable":true,"href":"https:\/\/rna.ao\/rna.ao\/wp-json\/wp\/v2\/categories?post=79353"},{"taxonomy":"post_tag","embeddable":true,"href":"https:\/\/rna.ao\/rna.ao\/wp-json\/wp\/v2\/tags?post=79353"}],"curies":[{"name":"wp","href":"https:\/\/api.w.org\/{rel}","templated":true}]}}