{"id":79350,"date":"2022-10-07T08:39:24","date_gmt":"2022-10-07T07:39:24","guid":{"rendered":"https:\/\/rna.ao\/rna.ao\/?p=79350"},"modified":"2022-10-07T08:39:24","modified_gmt":"2022-10-07T07:39:24","slug":"funcionarios-da-administracao-do-cazenga-capacitados-em-materia-tecnico-administrativos-em-parceria-com-a-agt","status":"publish","type":"post","link":"https:\/\/rna.ao\/rna.ao\/2022\/10\/07\/funcionarios-da-administracao-do-cazenga-capacitados-em-materia-tecnico-administrativos-em-parceria-com-a-agt\/","title":{"rendered":"Funcion\u00e1rios da Administra\u00e7\u00e3o do Cazenga capacitados em mat\u00e9ria t\u00e9cnico-administrativos em parceria com a AGT"},"content":{"rendered":"<p><img loading=\"lazy\" class=\"size-full wp-image-79351 alignleft\" src=\"https:\/\/rna.ao\/rna.ao\/wp-content\/uploads\/2022\/10\/Administracao-Municipal-do-Cazenga.jpg\" alt=\"\" width=\"316\" height=\"211\" \/>Os\u00a0 t\u00e9cnicos da Administra\u00e7\u00e3o Municipal do Cazenga, encerram ontem, 6 de Outubro, a forma\u00e7\u00e3o sobre tributa\u00e7\u00e3o patrimonial imobili\u00e1ria com exerc\u00edcios pr\u00e1ticos.<\/p>\n<p>A iniciativa \u00e9 da referida a administra\u00e7\u00e3o em parceria com a AGT, que visa capacitar os t\u00e9cnicos administrativos no \u00e2mbito do processo de descentraliza\u00e7\u00e3o das compet\u00eancias administrativas e autonomia financeira dos munic\u00edpios que v\u00e3o dar vida a institucionaliza\u00e7\u00e3o das Autarquias Locais. Recorde-lhe que, no Munic\u00edpio do Cazenga, tratar o Direito de Superf\u00edcie, j\u00e1 \u00e9 uma realidade para os mun\u00edcipes.<\/p>\n","protected":false},"excerpt":{"rendered":"<p>Os\u00a0 t\u00e9cnicos da Administra\u00e7\u00e3o Municipal do Cazenga, encerram ontem, 6 de Outubro, a forma\u00e7\u00e3o sobre tributa\u00e7\u00e3o patrimonial imobili\u00e1ria com exerc\u00edcios pr\u00e1ticos. A iniciativa \u00e9 da referida a administra\u00e7\u00e3o em parceria com a AGT, que visa capacitar os t\u00e9cnicos administrativos no \u00e2mbito do processo de descentraliza\u00e7\u00e3o das compet\u00eancias administrativas e autonomia ...<\/p>\n","protected":false},"author":8,"featured_media":79351,"comment_status":"closed","ping_status":"closed","sticky":false,"template":"","format":"standard","meta":[],"categories":[141,133],"tags":[],"_links":{"self":[{"href":"https:\/\/rna.ao\/rna.ao\/wp-json\/wp\/v2\/posts\/79350"}],"collection":[{"href":"https:\/\/rna.ao\/rna.ao\/wp-json\/wp\/v2\/posts"}],"about":[{"href":"https:\/\/rna.ao\/rna.ao\/wp-json\/wp\/v2\/types\/post"}],"author":[{"embeddable":true,"href":"https:\/\/rna.ao\/rna.ao\/wp-json\/wp\/v2\/users\/8"}],"replies":[{"embeddable":true,"href":"https:\/\/rna.ao\/rna.ao\/wp-json\/wp\/v2\/comments?post=79350"}],"version-history":[{"count":1,"href":"https:\/\/rna.ao\/rna.ao\/wp-json\/wp\/v2\/posts\/79350\/revisions"}],"predecessor-version":[{"id":79352,"href":"https:\/\/rna.ao\/rna.ao\/wp-json\/wp\/v2\/posts\/79350\/revisions\/79352"}],"wp:featuredmedia":[{"embeddable":true,"href":"https:\/\/rna.ao\/rna.ao\/wp-json\/wp\/v2\/media\/79351"}],"wp:attachment":[{"href":"https:\/\/rna.ao\/rna.ao\/wp-json\/wp\/v2\/media?parent=79350"}],"wp:term":[{"taxonomy":"category","embeddable":true,"href":"https:\/\/rna.ao\/rna.ao\/wp-json\/wp\/v2\/categories?post=79350"},{"taxonomy":"post_tag","embeddable":true,"href":"https:\/\/rna.ao\/rna.ao\/wp-json\/wp\/v2\/tags?post=79350"}],"curies":[{"name":"wp","href":"https:\/\/api.w.org\/{rel}","templated":true}]}}