{"id":79182,"date":"2022-10-06T00:02:49","date_gmt":"2022-10-05T23:02:49","guid":{"rendered":"https:\/\/rna.ao\/rna.ao\/?p=79182"},"modified":"2022-10-06T06:07:52","modified_gmt":"2022-10-06T05:07:52","slug":"basquetebol-souleymani-diabate-reforca-petro-de-luanda","status":"publish","type":"post","link":"https:\/\/rna.ao\/rna.ao\/2022\/10\/06\/basquetebol-souleymani-diabate-reforca-petro-de-luanda\/","title":{"rendered":"Basquetebol: Souleyman Diabat\u00e9 refor\u00e7a Petro de Luanda"},"content":{"rendered":"<p><img loading=\"lazy\" class=\" wp-image-79184 aligncenter\" src=\"https:\/\/rna.ao\/rna.ao\/wp-content\/uploads\/2022\/10\/ivoirien-Souleyman-Diabate.jpg\" alt=\"\" width=\"725\" height=\"580\" \/>A equipa s\u00e9nior masculina do Petro de Luanda est\u00e1 refor\u00e7ado com o ivorense Souleyman Diabat\u00e9, para os\u00a0 futuros\u00a0\u00a0 compromissos. Clique, no \u00e1udio abaixo, e ou\u00e7a o jornalista Domingos Francisco com mais desenvolvimento:<\/p>\n\t<div class=\"qtmplayer-playlist-large\">\n\t\t<ul class=\"qtmplayer-playlist\">\n\t\t\t\n\t\t\t\t\t<li class=\"qtmplayer-trackitem\">\n\t\t<img src=\"https:\/\/rna.ao\/rna.ao\/wp-content\/uploads\/2022\/10\/ivoirien-Souleyman-Diabate-1-100x100.jpg\" alt=\"cover\">\t\t<span \t\t\tdata-qtmplayer-cover=\"https:\/\/rna.ao\/rna.ao\/wp-content\/uploads\/2022\/10\/ivoirien-Souleyman-Diabate-1.jpg\"\n\t\t\t\t\t\tdata-qtmplayer-file=\"https:\/\/rna.ao\/rna.ao\/wp-content\/uploads\/2022\/10\/DOMINGOS-FRANCISCO-PEDRO-BASKET-05-10-2022.mp3\"\n\t\t\t\t\t\tdata-qtmplayer-title=\"Basquetebol: Souleyman Diabat\u00e9 refor\u00e7a Petro de Luanda\"\n\t\t\t\t\t\tdata-qtmplayer-artist=\"RNA\"\n\t\t\t\t\t\tdata-qtmplayer-link=\"https:\/\/rna.ao\/rna.ao\/2022\/10\/06\/basquetebol-souleymani-diabate-reforca-petro-de-luanda\/\"\n\t\t\t\t\t\tdata-qtmplayer-icon=\"file_download\"\n\t\t\t\t\t\tdata-qtmplayer-type=\"track\"\n\t\t\t class=\"qtmplayer-play qtmplayer-link-sec qtmplayer-play-btn\"><i class='material-icons'>play_arrow<\/i><\/span>\n\t\t<p>\n\t\t\t<span class=\"qtmplayer-tit\">Basquetebol: Souleyman Diabat\u00e9 refor\u00e7a Petro de Luanda<\/span>\n\t\t\t<span class=\"qtmplayer-art\">RNA<\/span>\n\t\t<\/p>\n\t<\/li>\n\t\t<\/ul>\n\t<\/div>\t\t\t\n\t\n<p>Fonte: R\u00e1dio 5\/RNA<\/p>\n","protected":false},"excerpt":{"rendered":"<p>A equipa s\u00e9nior masculina do Petro de Luanda est\u00e1 refor\u00e7ado com o ivorense Souleyman Diabat\u00e9, para os\u00a0 futuros\u00a0\u00a0 compromissos. Clique, no \u00e1udio abaixo, e ou\u00e7a o jornalista Domingos Francisco com mais desenvolvimento: Fonte: R\u00e1dio 5\/RNA<\/p>\n","protected":false},"author":8,"featured_media":79185,"comment_status":"closed","ping_status":"closed","sticky":false,"template":"","format":"standard","meta":[],"categories":[145,125,164],"tags":[],"_links":{"self":[{"href":"https:\/\/rna.ao\/rna.ao\/wp-json\/wp\/v2\/posts\/79182"}],"collection":[{"href":"https:\/\/rna.ao\/rna.ao\/wp-json\/wp\/v2\/posts"}],"about":[{"href":"https:\/\/rna.ao\/rna.ao\/wp-json\/wp\/v2\/types\/post"}],"author":[{"embeddable":true,"href":"https:\/\/rna.ao\/rna.ao\/wp-json\/wp\/v2\/users\/8"}],"replies":[{"embeddable":true,"href":"https:\/\/rna.ao\/rna.ao\/wp-json\/wp\/v2\/comments?post=79182"}],"version-history":[{"count":2,"href":"https:\/\/rna.ao\/rna.ao\/wp-json\/wp\/v2\/posts\/79182\/revisions"}],"predecessor-version":[{"id":79200,"href":"https:\/\/rna.ao\/rna.ao\/wp-json\/wp\/v2\/posts\/79182\/revisions\/79200"}],"wp:featuredmedia":[{"embeddable":true,"href":"https:\/\/rna.ao\/rna.ao\/wp-json\/wp\/v2\/media\/79185"}],"wp:attachment":[{"href":"https:\/\/rna.ao\/rna.ao\/wp-json\/wp\/v2\/media?parent=79182"}],"wp:term":[{"taxonomy":"category","embeddable":true,"href":"https:\/\/rna.ao\/rna.ao\/wp-json\/wp\/v2\/categories?post=79182"},{"taxonomy":"post_tag","embeddable":true,"href":"https:\/\/rna.ao\/rna.ao\/wp-json\/wp\/v2\/tags?post=79182"}],"curies":[{"name":"wp","href":"https:\/\/api.w.org\/{rel}","templated":true}]}}