{"id":79179,"date":"2022-10-06T00:01:50","date_gmt":"2022-10-05T23:01:50","guid":{"rendered":"https:\/\/rna.ao\/rna.ao\/?p=79179"},"modified":"2022-10-05T22:39:30","modified_gmt":"2022-10-05T21:39:30","slug":"karate-campeonatos-nacionais-iniciam-este-fim-de-semana-em-benguela","status":"publish","type":"post","link":"https:\/\/rna.ao\/rna.ao\/2022\/10\/06\/karate-campeonatos-nacionais-iniciam-este-fim-de-semana-em-benguela\/","title":{"rendered":"Karat\u00e9: Campeonatos nacionais iniciam este fim-de-semana em Benguela"},"content":{"rendered":"<p><img loading=\"lazy\" class=\"size-full wp-image-26512 alignleft\" src=\"https:\/\/rna.ao\/rna.ao\/wp-content\/uploads\/2021\/06\/Karate-Do.jpg\" alt=\"\" width=\"299\" height=\"137\" \/>Os campeonatos nacionais\u00a0 de karat\u00e9, vers\u00e3o JSKA, realizam j\u00e1 neste fim de\u00a0 semana na Prov\u00edncia de Benguela. Saiba mais, no \u00e1udio abaixo, com o rep\u00f3rter Domingos Janu\u00e1rio:<\/p>\n\t<div class=\"qtmplayer-playlist-large\">\n\t\t<ul class=\"qtmplayer-playlist\">\n\t\t\t\n\t\t\t\t\t<li class=\"qtmplayer-trackitem\">\n\t\t<img src=\"https:\/\/rna.ao\/rna.ao\/wp-content\/uploads\/2021\/06\/Karate-Do-100x100.jpg\" alt=\"cover\">\t\t<span \t\t\tdata-qtmplayer-cover=\"https:\/\/rna.ao\/rna.ao\/wp-content\/uploads\/2021\/06\/Karate-Do.jpg\"\n\t\t\t\t\t\tdata-qtmplayer-file=\"https:\/\/rna.ao\/rna.ao\/wp-content\/uploads\/2022\/10\/DOMINGOS-JANUARIO-PROVINCIA-DE-BENGUELA-ACOLHE-AO-FIM-DE-SEMANA-CAMPEOANTSO-NACIONAIS-DE-KARATE-NA-VERSAO-JSKA-05-OUTUBRO-2022.mp3\"\n\t\t\t\t\t\tdata-qtmplayer-title=\"Karat\u00e9: Campeonatos nacionais iniciam este fim-de-semana em Benguela\"\n\t\t\t\t\t\tdata-qtmplayer-artist=\"RNA\"\n\t\t\t\t\t\tdata-qtmplayer-link=\"https:\/\/rna.ao\/rna.ao\/2022\/10\/06\/karate-campeonatos-nacionais-iniciam-este-fim-de-semana-em-benguela\/\"\n\t\t\t\t\t\tdata-qtmplayer-icon=\"file_download\"\n\t\t\t\t\t\tdata-qtmplayer-type=\"track\"\n\t\t\t class=\"qtmplayer-play qtmplayer-link-sec qtmplayer-play-btn\"><i class='material-icons'>play_arrow<\/i><\/span>\n\t\t<p>\n\t\t\t<span class=\"qtmplayer-tit\">Karat\u00e9: Campeonatos nacionais iniciam este fim-de-semana em Benguela<\/span>\n\t\t\t<span class=\"qtmplayer-art\">RNA<\/span>\n\t\t<\/p>\n\t<\/li>\n\t\t<\/ul>\n\t<\/div>\t\t\t\n\t\n<p>Fonte: R\u00e1dio 5\/RNA<\/p>\n","protected":false},"excerpt":{"rendered":"<p>Os campeonatos nacionais\u00a0 de karat\u00e9, vers\u00e3o JSKA, realizam j\u00e1 neste fim de\u00a0 semana na Prov\u00edncia de Benguela. Saiba mais, no \u00e1udio abaixo, com o rep\u00f3rter Domingos Janu\u00e1rio: Fonte: R\u00e1dio 5\/RNA<\/p>\n","protected":false},"author":8,"featured_media":26512,"comment_status":"closed","ping_status":"closed","sticky":false,"template":"","format":"standard","meta":[],"categories":[145,125,164],"tags":[],"_links":{"self":[{"href":"https:\/\/rna.ao\/rna.ao\/wp-json\/wp\/v2\/posts\/79179"}],"collection":[{"href":"https:\/\/rna.ao\/rna.ao\/wp-json\/wp\/v2\/posts"}],"about":[{"href":"https:\/\/rna.ao\/rna.ao\/wp-json\/wp\/v2\/types\/post"}],"author":[{"embeddable":true,"href":"https:\/\/rna.ao\/rna.ao\/wp-json\/wp\/v2\/users\/8"}],"replies":[{"embeddable":true,"href":"https:\/\/rna.ao\/rna.ao\/wp-json\/wp\/v2\/comments?post=79179"}],"version-history":[{"count":1,"href":"https:\/\/rna.ao\/rna.ao\/wp-json\/wp\/v2\/posts\/79179\/revisions"}],"predecessor-version":[{"id":79181,"href":"https:\/\/rna.ao\/rna.ao\/wp-json\/wp\/v2\/posts\/79179\/revisions\/79181"}],"wp:featuredmedia":[{"embeddable":true,"href":"https:\/\/rna.ao\/rna.ao\/wp-json\/wp\/v2\/media\/26512"}],"wp:attachment":[{"href":"https:\/\/rna.ao\/rna.ao\/wp-json\/wp\/v2\/media?parent=79179"}],"wp:term":[{"taxonomy":"category","embeddable":true,"href":"https:\/\/rna.ao\/rna.ao\/wp-json\/wp\/v2\/categories?post=79179"},{"taxonomy":"post_tag","embeddable":true,"href":"https:\/\/rna.ao\/rna.ao\/wp-json\/wp\/v2\/tags?post=79179"}],"curies":[{"name":"wp","href":"https:\/\/api.w.org\/{rel}","templated":true}]}}