{"id":79107,"date":"2022-10-05T07:16:04","date_gmt":"2022-10-05T06:16:04","guid":{"rendered":"https:\/\/rna.ao\/rna.ao\/?p=79107"},"modified":"2022-10-05T07:43:13","modified_gmt":"2022-10-05T06:43:13","slug":"rna-em-festa-maior-radio-do-pais-assinala-hoje-47-anos-de-existencia-com-foco-voltado-a-modernizacao-e-expansao-do-seu-sinal","status":"publish","type":"post","link":"https:\/\/rna.ao\/rna.ao\/2022\/10\/05\/rna-em-festa-maior-radio-do-pais-assinala-hoje-47-anos-de-existencia-com-foco-voltado-a-modernizacao-e-expansao-do-seu-sinal\/","title":{"rendered":"RNA em Festa: Maior R\u00e1dio do pa\u00eds assinala hoje 47 anos de exist\u00eancia, com foco voltado \u00e0 moderniza\u00e7\u00e3o e expans\u00e3o do seu sinal"},"content":{"rendered":"<p><img loading=\"lazy\" class=\" wp-image-27343 aligncenter\" src=\"https:\/\/rna.ao\/rna.ao\/wp-content\/uploads\/2021\/06\/RNA-Entrada.jpg\" alt=\"\" width=\"816\" height=\"612\" \/>A RNA est\u00e1 hoje, 05 de outubro, em festa. A maior r\u00e1dio &#8220;que une o pa\u00eds&#8221;, est\u00e1 a assinalar esta quarta-feira, 47 anos. Os 47 anos est\u00e3o a ser celebrado com os olhos voltados para a moderniza\u00e7\u00e3o e expans\u00e3o do sinal da R\u00e1dio P\u00fablica angolana.<\/p>\n<p>E fruto dos investimentos, que o actual Conselho de Administra\u00e7\u00e3o est\u00e1 a fazer, a RNA j\u00e1 conseguiu lan\u00e7ar a emiss\u00e3o em streaming das R\u00e1dios Provinciais.<\/p>\n<p>Actualmente emitem em streaming os canais nacionais, nomeadamente, Canal A, R\u00e1dio 5, R\u00e1dio Ngola Yetu, R\u00e1dio Cultura Angola e as R\u00e1dios Municipais de Viana, Cazenga, Cacuaco e a RNA Internacional.<\/p>\n<p>O Conselho de Administra\u00e7\u00e3o da R\u00e1dio P\u00fablica diz ainda, que est\u00e1 comprometida com a melhoria das condi\u00e7\u00f5es de trabalho e sociais dos seus colaboradores.<\/p>\n","protected":false},"excerpt":{"rendered":"<p>A RNA est\u00e1 hoje, 05 de outubro, em festa. A maior r\u00e1dio &#8220;que une o pa\u00eds&#8221;, est\u00e1 a assinalar esta quarta-feira, 47 anos. Os 47 anos est\u00e3o a ser celebrado com os olhos voltados para a moderniza\u00e7\u00e3o e expans\u00e3o do sinal da R\u00e1dio P\u00fablica angolana. E fruto dos investimentos, que ...<\/p>\n","protected":false},"author":8,"featured_media":27343,"comment_status":"closed","ping_status":"closed","sticky":false,"template":"","format":"standard","meta":[],"categories":[142,121,163],"tags":[],"_links":{"self":[{"href":"https:\/\/rna.ao\/rna.ao\/wp-json\/wp\/v2\/posts\/79107"}],"collection":[{"href":"https:\/\/rna.ao\/rna.ao\/wp-json\/wp\/v2\/posts"}],"about":[{"href":"https:\/\/rna.ao\/rna.ao\/wp-json\/wp\/v2\/types\/post"}],"author":[{"embeddable":true,"href":"https:\/\/rna.ao\/rna.ao\/wp-json\/wp\/v2\/users\/8"}],"replies":[{"embeddable":true,"href":"https:\/\/rna.ao\/rna.ao\/wp-json\/wp\/v2\/comments?post=79107"}],"version-history":[{"count":1,"href":"https:\/\/rna.ao\/rna.ao\/wp-json\/wp\/v2\/posts\/79107\/revisions"}],"predecessor-version":[{"id":79108,"href":"https:\/\/rna.ao\/rna.ao\/wp-json\/wp\/v2\/posts\/79107\/revisions\/79108"}],"wp:featuredmedia":[{"embeddable":true,"href":"https:\/\/rna.ao\/rna.ao\/wp-json\/wp\/v2\/media\/27343"}],"wp:attachment":[{"href":"https:\/\/rna.ao\/rna.ao\/wp-json\/wp\/v2\/media?parent=79107"}],"wp:term":[{"taxonomy":"category","embeddable":true,"href":"https:\/\/rna.ao\/rna.ao\/wp-json\/wp\/v2\/categories?post=79107"},{"taxonomy":"post_tag","embeddable":true,"href":"https:\/\/rna.ao\/rna.ao\/wp-json\/wp\/v2\/tags?post=79107"}],"curies":[{"name":"wp","href":"https:\/\/api.w.org\/{rel}","templated":true}]}}