{"id":78850,"date":"2022-10-03T07:50:13","date_gmt":"2022-10-03T06:50:13","guid":{"rendered":"https:\/\/rna.ao\/rna.ao\/?p=78850"},"modified":"2022-10-03T07:50:13","modified_gmt":"2022-10-03T06:50:13","slug":"detidos-cidadaos-que-vandalizam-cabos-de-fibra-optica-paineis-solares-e-pecas-da-linha-ferrea-no-namibe","status":"publish","type":"post","link":"https:\/\/rna.ao\/rna.ao\/2022\/10\/03\/detidos-cidadaos-que-vandalizam-cabos-de-fibra-optica-paineis-solares-e-pecas-da-linha-ferrea-no-namibe\/","title":{"rendered":"Detidos cidad\u00e3os que vandalizam cabos de fibra \u00f3ptica, pain\u00e9is solares e pe\u00e7as da linha f\u00e9rrea no Namibe"},"content":{"rendered":"<p><img loading=\"lazy\" class=\"size-full wp-image-24456 alignleft\" src=\"https:\/\/rna.ao\/rna.ao\/wp-content\/uploads\/2021\/05\/Algemas.jpg\" alt=\"\" width=\"288\" height=\"188\" \/>Est\u00e3o detidos v\u00e1rios cidad\u00e3os, na Prov\u00edncia do Namibe, suspeitos de vandalizarem a linha f\u00e9rrea, cabos de fibra \u00f3ptica e pain\u00e9is solares dos Centros de Capta\u00e7\u00e3o de \u00c1gua Pot\u00e1vel. Entretanto, a comunidade queixa-se tamb\u00e9m do aumento do roubo de gado, e outros equipamentos agr\u00edcolas. Ou\u00e7a, no \u00e1udio abaixo, mais dados na reportagem do Elias Guito:<\/p>\n\t<div class=\"qtmplayer-playlist-large\">\n\t\t<ul class=\"qtmplayer-playlist\">\n\t\t\t\n\t\t\t\t\t<li class=\"qtmplayer-trackitem\">\n\t\t<img src=\"https:\/\/rna.ao\/rna.ao\/wp-content\/uploads\/2021\/05\/Algemas-100x100.jpg\" alt=\"cover\">\t\t<span \t\t\tdata-qtmplayer-cover=\"https:\/\/rna.ao\/rna.ao\/wp-content\/uploads\/2021\/05\/Algemas.jpg\"\n\t\t\t\t\t\tdata-qtmplayer-file=\"https:\/\/rna.ao\/rna.ao\/wp-content\/uploads\/2022\/10\/NAMIBE-POLICIA-07-HRS.mp3\"\n\t\t\t\t\t\tdata-qtmplayer-title=\"Detidos cidad\u00e3os que vandalizam cabos de fibra \u00f3ptica, pain\u00e9is solares e pe\u00e7as da linha f\u00e9rrea no Namibe\"\n\t\t\t\t\t\tdata-qtmplayer-artist=\"RNA\"\n\t\t\t\t\t\tdata-qtmplayer-link=\"https:\/\/rna.ao\/rna.ao\/2022\/10\/03\/detidos-cidadaos-que-vandalizam-cabos-de-fibra-optica-paineis-solares-e-pecas-da-linha-ferrea-no-namibe\/\"\n\t\t\t\t\t\tdata-qtmplayer-icon=\"file_download\"\n\t\t\t\t\t\tdata-qtmplayer-type=\"track\"\n\t\t\t class=\"qtmplayer-play qtmplayer-link-sec qtmplayer-play-btn\"><i class='material-icons'>play_arrow<\/i><\/span>\n\t\t<p>\n\t\t\t<span class=\"qtmplayer-tit\">Detidos cidad\u00e3os que vandalizam cabos de fibra \u00f3ptica, pain\u00e9is solares e pe\u00e7as da linha f\u00e9rrea no Namibe<\/span>\n\t\t\t<span class=\"qtmplayer-art\">RNA<\/span>\n\t\t<\/p>\n\t<\/li>\n\t\t<\/ul>\n\t<\/div>\t\t\t\n\t\n<p>Fonte: RNA<\/p>\n","protected":false},"excerpt":{"rendered":"<p>Est\u00e3o detidos v\u00e1rios cidad\u00e3os, na Prov\u00edncia do Namibe, suspeitos de vandalizarem a linha f\u00e9rrea, cabos de fibra \u00f3ptica e pain\u00e9is solares dos Centros de Capta\u00e7\u00e3o de \u00c1gua Pot\u00e1vel. Entretanto, a comunidade queixa-se tamb\u00e9m do aumento do roubo de gado, e outros equipamentos agr\u00edcolas. Ou\u00e7a, no \u00e1udio abaixo, mais dados na ...<\/p>\n","protected":false},"author":8,"featured_media":24456,"comment_status":"closed","ping_status":"closed","sticky":false,"template":"","format":"standard","meta":[],"categories":[142,121,163],"tags":[],"_links":{"self":[{"href":"https:\/\/rna.ao\/rna.ao\/wp-json\/wp\/v2\/posts\/78850"}],"collection":[{"href":"https:\/\/rna.ao\/rna.ao\/wp-json\/wp\/v2\/posts"}],"about":[{"href":"https:\/\/rna.ao\/rna.ao\/wp-json\/wp\/v2\/types\/post"}],"author":[{"embeddable":true,"href":"https:\/\/rna.ao\/rna.ao\/wp-json\/wp\/v2\/users\/8"}],"replies":[{"embeddable":true,"href":"https:\/\/rna.ao\/rna.ao\/wp-json\/wp\/v2\/comments?post=78850"}],"version-history":[{"count":1,"href":"https:\/\/rna.ao\/rna.ao\/wp-json\/wp\/v2\/posts\/78850\/revisions"}],"predecessor-version":[{"id":78852,"href":"https:\/\/rna.ao\/rna.ao\/wp-json\/wp\/v2\/posts\/78850\/revisions\/78852"}],"wp:featuredmedia":[{"embeddable":true,"href":"https:\/\/rna.ao\/rna.ao\/wp-json\/wp\/v2\/media\/24456"}],"wp:attachment":[{"href":"https:\/\/rna.ao\/rna.ao\/wp-json\/wp\/v2\/media?parent=78850"}],"wp:term":[{"taxonomy":"category","embeddable":true,"href":"https:\/\/rna.ao\/rna.ao\/wp-json\/wp\/v2\/categories?post=78850"},{"taxonomy":"post_tag","embeddable":true,"href":"https:\/\/rna.ao\/rna.ao\/wp-json\/wp\/v2\/tags?post=78850"}],"curies":[{"name":"wp","href":"https:\/\/api.w.org\/{rel}","templated":true}]}}