{"id":77702,"date":"2022-09-23T13:37:47","date_gmt":"2022-09-23T12:37:47","guid":{"rendered":"https:\/\/rna.ao\/rna.ao\/?p=77702"},"modified":"2022-09-23T13:37:47","modified_gmt":"2022-09-23T12:37:47","slug":"taag-retoma-hoje-os-voos-para-a-cidade-do-soyo","status":"publish","type":"post","link":"https:\/\/rna.ao\/rna.ao\/2022\/09\/23\/taag-retoma-hoje-os-voos-para-a-cidade-do-soyo\/","title":{"rendered":"TAAG retoma hoje os voos para a cidade do Soyo"},"content":{"rendered":"<p><img loading=\"lazy\" class=\"size-full wp-image-77704 aligncenter\" src=\"https:\/\/rna.ao\/rna.ao\/wp-content\/uploads\/2022\/09\/pilotos-da-taag-suspendem-greve_1497523510-s.jpg\" alt=\"\" width=\"400\" height=\"266\" \/>A TAAG retoma hoje, 23 de Setembro, os voos Luanda-Soyo e vice-versa. O voo inaugural est\u00e1 marcado para \u00e1s 18 desta sexta-feira.\u00a0Os bilhetes de passagem est\u00e3o a ser comercializados a 32 mil kwanzas. A popula\u00e7\u00e3o j\u00e1 aplaudiu a retomada dos voos das TAAG para o Soyo que acontece um ano depois a sua suspens\u00e3o. Clique, no \u00e1udio abaixo, e ou\u00e7a o jornalista F\u00e1tima Alexandre com mais dados:<\/p>\n\t<div class=\"qtmplayer-playlist-large\">\n\t\t<ul class=\"qtmplayer-playlist\">\n\t\t\t\n\t\t\t\t\t<li class=\"qtmplayer-trackitem\">\n\t\t<img src=\"https:\/\/rna.ao\/rna.ao\/wp-content\/uploads\/2022\/09\/taag_voo_1_214103025962c2be241106b-100x100.jpg\" alt=\"cover\">\t\t<span \t\t\tdata-qtmplayer-cover=\"https:\/\/rna.ao\/rna.ao\/wp-content\/uploads\/2022\/09\/taag_voo_1_214103025962c2be241106b.jpg\"\n\t\t\t\t\t\tdata-qtmplayer-file=\"https:\/\/rna.ao\/rna.ao\/wp-content\/uploads\/2022\/09\/SOYO-RETOMA-DOS-VOOS-DA-TAAG-13HRS.mp3\"\n\t\t\t\t\t\tdata-qtmplayer-title=\"TAAG retoma hoje os voos para a cidade do Soyo\"\n\t\t\t\t\t\tdata-qtmplayer-artist=\"RNA\"\n\t\t\t\t\t\tdata-qtmplayer-link=\"https:\/\/rna.ao\/rna.ao\/2022\/09\/23\/taag-retoma-hoje-os-voos-para-a-cidade-do-soyo\/\"\n\t\t\t\t\t\tdata-qtmplayer-icon=\"file_download\"\n\t\t\t\t\t\tdata-qtmplayer-type=\"track\"\n\t\t\t class=\"qtmplayer-play qtmplayer-link-sec qtmplayer-play-btn\"><i class='material-icons'>play_arrow<\/i><\/span>\n\t\t<p>\n\t\t\t<span class=\"qtmplayer-tit\">TAAG retoma hoje os voos para a cidade do Soyo<\/span>\n\t\t\t<span class=\"qtmplayer-art\">RNA<\/span>\n\t\t<\/p>\n\t<\/li>\n\t\t<\/ul>\n\t<\/div>\t\t\t\n\t\n","protected":false},"excerpt":{"rendered":"<p>A TAAG retoma hoje, 23 de Setembro, os voos Luanda-Soyo e vice-versa. O voo inaugural est\u00e1 marcado para \u00e1s 18 desta sexta-feira.\u00a0Os bilhetes de passagem est\u00e3o a ser comercializados a 32 mil kwanzas. A popula\u00e7\u00e3o j\u00e1 aplaudiu a retomada dos voos das TAAG para o Soyo que acontece um ano ...<\/p>\n","protected":false},"author":8,"featured_media":77705,"comment_status":"closed","ping_status":"closed","sticky":false,"template":"","format":"standard","meta":[],"categories":[142,121,163],"tags":[],"_links":{"self":[{"href":"https:\/\/rna.ao\/rna.ao\/wp-json\/wp\/v2\/posts\/77702"}],"collection":[{"href":"https:\/\/rna.ao\/rna.ao\/wp-json\/wp\/v2\/posts"}],"about":[{"href":"https:\/\/rna.ao\/rna.ao\/wp-json\/wp\/v2\/types\/post"}],"author":[{"embeddable":true,"href":"https:\/\/rna.ao\/rna.ao\/wp-json\/wp\/v2\/users\/8"}],"replies":[{"embeddable":true,"href":"https:\/\/rna.ao\/rna.ao\/wp-json\/wp\/v2\/comments?post=77702"}],"version-history":[{"count":1,"href":"https:\/\/rna.ao\/rna.ao\/wp-json\/wp\/v2\/posts\/77702\/revisions"}],"predecessor-version":[{"id":77706,"href":"https:\/\/rna.ao\/rna.ao\/wp-json\/wp\/v2\/posts\/77702\/revisions\/77706"}],"wp:featuredmedia":[{"embeddable":true,"href":"https:\/\/rna.ao\/rna.ao\/wp-json\/wp\/v2\/media\/77705"}],"wp:attachment":[{"href":"https:\/\/rna.ao\/rna.ao\/wp-json\/wp\/v2\/media?parent=77702"}],"wp:term":[{"taxonomy":"category","embeddable":true,"href":"https:\/\/rna.ao\/rna.ao\/wp-json\/wp\/v2\/categories?post=77702"},{"taxonomy":"post_tag","embeddable":true,"href":"https:\/\/rna.ao\/rna.ao\/wp-json\/wp\/v2\/tags?post=77702"}],"curies":[{"name":"wp","href":"https:\/\/api.w.org\/{rel}","templated":true}]}}