{"id":77571,"date":"2022-09-23T08:04:44","date_gmt":"2022-09-23T07:04:44","guid":{"rendered":"https:\/\/rna.ao\/rna.ao\/?p=77571"},"modified":"2022-09-23T08:04:44","modified_gmt":"2022-09-23T07:04:44","slug":"eu-fiquei-um-ano-e-oito-meses-e-nao-sete-anos-diz-motoqueiro-do-sic","status":"publish","type":"post","link":"https:\/\/rna.ao\/rna.ao\/2022\/09\/23\/eu-fiquei-um-ano-e-oito-meses-e-nao-sete-anos-diz-motoqueiro-do-sic\/","title":{"rendered":"Eu fiquei um ano e oito meses e n\u00e3o sete anos- diz motoqueiro do SIC"},"content":{"rendered":"<p><img loading=\"lazy\" class=\"size-full wp-image-77574 alignleft\" src=\"https:\/\/rna.ao\/rna.ao\/wp-content\/uploads\/2022\/09\/download-10.jpg\" alt=\"\" width=\"230\" height=\"219\" \/>S\u00e3o falsas as informa\u00e7\u00f5es segundo as quais um cidad\u00e3o ficou preso durante sete anos por ter embatido num viatura de um agente do Servi\u00e7o de Investiga\u00e7\u00e3o Criminal, &#8220;SIC&#8221;. O jovem Jos\u00e9 Catumbo que nos \u00faltimos dias viralizou nas redes sociais com estas informa\u00e7\u00f5es, disse ter sido aliciado por uma senhora para fazer o v\u00eddeo. Entre as promessas constam uma viatura e uma resid\u00eancia. Clique, no \u00e1udio abaixo, e ou\u00e7a o jornalista Valdemar Mar\u00e7al\u00a0\u00a0com mais dados:<\/p>\n\t<div class=\"qtmplayer-playlist-large\">\n\t\t<ul class=\"qtmplayer-playlist\">\n\t\t\t\n\t\t\t\t\t<li class=\"qtmplayer-trackitem\">\n\t\t<img src=\"https:\/\/rna.ao\/rna.ao\/wp-content\/uploads\/2022\/09\/download-10-100x100.jpg\" alt=\"cover\">\t\t<span \t\t\tdata-qtmplayer-cover=\"https:\/\/rna.ao\/rna.ao\/wp-content\/uploads\/2022\/09\/download-10.jpg\"\n\t\t\t\t\t\tdata-qtmplayer-file=\"https:\/\/rna.ao\/rna.ao\/wp-content\/uploads\/2022\/09\/VALDEMAR-MARCAL-7HRS.mp3\"\n\t\t\t\t\t\tdata-qtmplayer-title=\"Eu fiquei um ano e oito meses e n\u00e3o sete anos- diz motoqueiro do SIC\"\n\t\t\t\t\t\tdata-qtmplayer-artist=\"RNA\"\n\t\t\t\t\t\tdata-qtmplayer-link=\"https:\/\/rna.ao\/rna.ao\/2022\/09\/23\/eu-fiquei-um-ano-e-oito-meses-e-nao-sete-anos-diz-motoqueiro-do-sic\/\"\n\t\t\t\t\t\tdata-qtmplayer-icon=\"file_download\"\n\t\t\t\t\t\tdata-qtmplayer-type=\"track\"\n\t\t\t class=\"qtmplayer-play qtmplayer-link-sec qtmplayer-play-btn\"><i class='material-icons'>play_arrow<\/i><\/span>\n\t\t<p>\n\t\t\t<span class=\"qtmplayer-tit\">Eu fiquei um ano e oito meses e n\u00e3o sete anos- diz motoqueiro do SIC<\/span>\n\t\t\t<span class=\"qtmplayer-art\">RNA<\/span>\n\t\t<\/p>\n\t<\/li>\n\t\t<\/ul>\n\t<\/div>\t\t\t\n\t\n<p>&nbsp;<\/p>\n","protected":false},"excerpt":{"rendered":"<p>S\u00e3o falsas as informa\u00e7\u00f5es segundo as quais um cidad\u00e3o ficou preso durante sete anos por ter embatido num viatura de um agente do Servi\u00e7o de Investiga\u00e7\u00e3o Criminal, &#8220;SIC&#8221;. O jovem Jos\u00e9 Catumbo que nos \u00faltimos dias viralizou nas redes sociais com estas informa\u00e7\u00f5es, disse ter sido aliciado por uma senhora ...<\/p>\n","protected":false},"author":8,"featured_media":77574,"comment_status":"closed","ping_status":"closed","sticky":false,"template":"","format":"standard","meta":[],"categories":[142,121,163],"tags":[],"_links":{"self":[{"href":"https:\/\/rna.ao\/rna.ao\/wp-json\/wp\/v2\/posts\/77571"}],"collection":[{"href":"https:\/\/rna.ao\/rna.ao\/wp-json\/wp\/v2\/posts"}],"about":[{"href":"https:\/\/rna.ao\/rna.ao\/wp-json\/wp\/v2\/types\/post"}],"author":[{"embeddable":true,"href":"https:\/\/rna.ao\/rna.ao\/wp-json\/wp\/v2\/users\/8"}],"replies":[{"embeddable":true,"href":"https:\/\/rna.ao\/rna.ao\/wp-json\/wp\/v2\/comments?post=77571"}],"version-history":[{"count":1,"href":"https:\/\/rna.ao\/rna.ao\/wp-json\/wp\/v2\/posts\/77571\/revisions"}],"predecessor-version":[{"id":77575,"href":"https:\/\/rna.ao\/rna.ao\/wp-json\/wp\/v2\/posts\/77571\/revisions\/77575"}],"wp:featuredmedia":[{"embeddable":true,"href":"https:\/\/rna.ao\/rna.ao\/wp-json\/wp\/v2\/media\/77574"}],"wp:attachment":[{"href":"https:\/\/rna.ao\/rna.ao\/wp-json\/wp\/v2\/media?parent=77571"}],"wp:term":[{"taxonomy":"category","embeddable":true,"href":"https:\/\/rna.ao\/rna.ao\/wp-json\/wp\/v2\/categories?post=77571"},{"taxonomy":"post_tag","embeddable":true,"href":"https:\/\/rna.ao\/rna.ao\/wp-json\/wp\/v2\/tags?post=77571"}],"curies":[{"name":"wp","href":"https:\/\/api.w.org\/{rel}","templated":true}]}}