{"id":77552,"date":"2022-09-23T07:17:50","date_gmt":"2022-09-23T06:17:50","guid":{"rendered":"https:\/\/rna.ao\/rna.ao\/?p=77552"},"modified":"2022-09-23T07:17:50","modified_gmt":"2022-09-23T06:17:50","slug":"mau-estado-das-estradas-condiciona-escoamento-dos-produtos-do-campo-na-vila-de-camabatela","status":"publish","type":"post","link":"https:\/\/rna.ao\/rna.ao\/2022\/09\/23\/mau-estado-das-estradas-condiciona-escoamento-dos-produtos-do-campo-na-vila-de-camabatela\/","title":{"rendered":"Mau estado das estradas condiciona escoamento dos produtos do campo na Vila de Camabatela"},"content":{"rendered":"<p><img loading=\"lazy\" class=\"size-full wp-image-77555 aligncenter\" src=\"https:\/\/rna.ao\/rna.ao\/wp-content\/uploads\/2022\/09\/59638109_303.jpg\" alt=\"\" width=\"700\" height=\"394\" \/>O escoamento dos produtos do campo na Vila de Camabatela, na Prov\u00edncia do Cuanza Norte, est\u00e1 condicionado devido a degrada\u00e7\u00e3o das estradas. A situa\u00e7\u00e3o preocupa os camponeses e agricultores da regi\u00e3o que solicitam o apoio das autoridades na resolu\u00e7\u00e3o do problema.\u00a0Clique, no \u00e1udio abaixo, e ou\u00e7a o jornalista Daniel Ant\u00f3nio\u00a0\u00a0com mais dados:<\/p>\n\t<div class=\"qtmplayer-playlist-large\">\n\t\t<ul class=\"qtmplayer-playlist\">\n\t\t\t\n\t\t\t\t\t<li class=\"qtmplayer-trackitem\">\n\t\t<img src=\"https:\/\/rna.ao\/rna.ao\/wp-content\/uploads\/2022\/09\/estrada-em-mau-estado-100x100.jpg\" alt=\"cover\">\t\t<span \t\t\tdata-qtmplayer-cover=\"https:\/\/rna.ao\/rna.ao\/wp-content\/uploads\/2022\/09\/estrada-em-mau-estado-370x370.jpg\"\n\t\t\t\t\t\tdata-qtmplayer-file=\"https:\/\/rna.ao\/rna.ao\/wp-content\/uploads\/2022\/09\/CUANZA-NORTE-PRODUTOS-AGRICOLAS-7HRS.mp3\"\n\t\t\t\t\t\tdata-qtmplayer-title=\"Mau estado das estradas condiciona escoamento dos produtos do campo na Vila de Camabatela\"\n\t\t\t\t\t\tdata-qtmplayer-artist=\"RNA\"\n\t\t\t\t\t\tdata-qtmplayer-link=\"https:\/\/rna.ao\/rna.ao\/2022\/09\/23\/mau-estado-das-estradas-condiciona-escoamento-dos-produtos-do-campo-na-vila-de-camabatela\/\"\n\t\t\t\t\t\tdata-qtmplayer-icon=\"file_download\"\n\t\t\t\t\t\tdata-qtmplayer-type=\"track\"\n\t\t\t class=\"qtmplayer-play qtmplayer-link-sec qtmplayer-play-btn\"><i class='material-icons'>play_arrow<\/i><\/span>\n\t\t<p>\n\t\t\t<span class=\"qtmplayer-tit\">Mau estado das estradas condiciona escoamento dos produtos do campo na Vila de Camabatela<\/span>\n\t\t\t<span class=\"qtmplayer-art\">RNA<\/span>\n\t\t<\/p>\n\t<\/li>\n\t\t<\/ul>\n\t<\/div>\t\t\t\n\t\n<p>&nbsp;<\/p>\n","protected":false},"excerpt":{"rendered":"<p>O escoamento dos produtos do campo na Vila de Camabatela, na Prov\u00edncia do Cuanza Norte, est\u00e1 condicionado devido a degrada\u00e7\u00e3o das estradas. A situa\u00e7\u00e3o preocupa os camponeses e agricultores da regi\u00e3o que solicitam o apoio das autoridades na resolu\u00e7\u00e3o do problema.\u00a0Clique, no \u00e1udio abaixo, e ou\u00e7a o jornalista Daniel Ant\u00f3nio\u00a0\u00a0com ...<\/p>\n","protected":false},"author":8,"featured_media":77554,"comment_status":"closed","ping_status":"closed","sticky":false,"template":"","format":"standard","meta":[],"categories":[142,121,163],"tags":[],"_links":{"self":[{"href":"https:\/\/rna.ao\/rna.ao\/wp-json\/wp\/v2\/posts\/77552"}],"collection":[{"href":"https:\/\/rna.ao\/rna.ao\/wp-json\/wp\/v2\/posts"}],"about":[{"href":"https:\/\/rna.ao\/rna.ao\/wp-json\/wp\/v2\/types\/post"}],"author":[{"embeddable":true,"href":"https:\/\/rna.ao\/rna.ao\/wp-json\/wp\/v2\/users\/8"}],"replies":[{"embeddable":true,"href":"https:\/\/rna.ao\/rna.ao\/wp-json\/wp\/v2\/comments?post=77552"}],"version-history":[{"count":1,"href":"https:\/\/rna.ao\/rna.ao\/wp-json\/wp\/v2\/posts\/77552\/revisions"}],"predecessor-version":[{"id":77556,"href":"https:\/\/rna.ao\/rna.ao\/wp-json\/wp\/v2\/posts\/77552\/revisions\/77556"}],"wp:featuredmedia":[{"embeddable":true,"href":"https:\/\/rna.ao\/rna.ao\/wp-json\/wp\/v2\/media\/77554"}],"wp:attachment":[{"href":"https:\/\/rna.ao\/rna.ao\/wp-json\/wp\/v2\/media?parent=77552"}],"wp:term":[{"taxonomy":"category","embeddable":true,"href":"https:\/\/rna.ao\/rna.ao\/wp-json\/wp\/v2\/categories?post=77552"},{"taxonomy":"post_tag","embeddable":true,"href":"https:\/\/rna.ao\/rna.ao\/wp-json\/wp\/v2\/tags?post=77552"}],"curies":[{"name":"wp","href":"https:\/\/api.w.org\/{rel}","templated":true}]}}