{"id":77506,"date":"2022-09-22T09:04:47","date_gmt":"2022-09-22T08:04:47","guid":{"rendered":"https:\/\/rna.ao\/rna.ao\/?p=77506"},"modified":"2022-09-22T09:04:47","modified_gmt":"2022-09-22T08:04:47","slug":"vencedor-do-concurso-nacional-de-trova-cantar-neto-e-conhecido-hoje","status":"publish","type":"post","link":"https:\/\/rna.ao\/rna.ao\/2022\/09\/22\/vencedor-do-concurso-nacional-de-trova-cantar-neto-e-conhecido-hoje\/","title":{"rendered":"Vencedor do concurso nacional de trova &#8220;Cantar Neto&#8221; \u00e9 conhecido hoje"},"content":{"rendered":"<p><img loading=\"lazy\" class=\" wp-image-77507 aligncenter\" src=\"https:\/\/rna.ao\/rna.ao\/wp-content\/uploads\/2022\/09\/Palacio-de-Ferro.jpg\" alt=\"\" width=\"824\" height=\"472\" \/>O vencedor do Concurso Nacional de Trova \u201cCantar Neto\u201d ser\u00e1 conhecido esta quinta-feira, 22 de Setembro, durante uma gala de consagra\u00e7\u00e3o, a realizar-se a partir das 18h00, no Pal\u00e1cio de Ferro, com a presen\u00e7a dos representantes provinciais, que v\u00e3o concorrer com poemas de Agostinho Neto musicados.<\/p>\n<p>O secret\u00e1rio-geral da UNAC, Eliseu Major, afirmou que as condi\u00e7\u00f5es est\u00e3o a ser criadas, com a chegada a Luanda dos vencedores das fases provinciais, realizadas no per\u00edodo entre Julho e Agosto deste ano.<\/p>\n","protected":false},"excerpt":{"rendered":"<p>O vencedor do Concurso Nacional de Trova \u201cCantar Neto\u201d ser\u00e1 conhecido esta quinta-feira, 22 de Setembro, durante uma gala de consagra\u00e7\u00e3o, a realizar-se a partir das 18h00, no Pal\u00e1cio de Ferro, com a presen\u00e7a dos representantes provinciais, que v\u00e3o concorrer com poemas de Agostinho Neto musicados. O secret\u00e1rio-geral da UNAC, ...<\/p>\n","protected":false},"author":8,"featured_media":77508,"comment_status":"closed","ping_status":"closed","sticky":false,"template":"","format":"standard","meta":[],"categories":[141,133],"tags":[],"_links":{"self":[{"href":"https:\/\/rna.ao\/rna.ao\/wp-json\/wp\/v2\/posts\/77506"}],"collection":[{"href":"https:\/\/rna.ao\/rna.ao\/wp-json\/wp\/v2\/posts"}],"about":[{"href":"https:\/\/rna.ao\/rna.ao\/wp-json\/wp\/v2\/types\/post"}],"author":[{"embeddable":true,"href":"https:\/\/rna.ao\/rna.ao\/wp-json\/wp\/v2\/users\/8"}],"replies":[{"embeddable":true,"href":"https:\/\/rna.ao\/rna.ao\/wp-json\/wp\/v2\/comments?post=77506"}],"version-history":[{"count":1,"href":"https:\/\/rna.ao\/rna.ao\/wp-json\/wp\/v2\/posts\/77506\/revisions"}],"predecessor-version":[{"id":77509,"href":"https:\/\/rna.ao\/rna.ao\/wp-json\/wp\/v2\/posts\/77506\/revisions\/77509"}],"wp:featuredmedia":[{"embeddable":true,"href":"https:\/\/rna.ao\/rna.ao\/wp-json\/wp\/v2\/media\/77508"}],"wp:attachment":[{"href":"https:\/\/rna.ao\/rna.ao\/wp-json\/wp\/v2\/media?parent=77506"}],"wp:term":[{"taxonomy":"category","embeddable":true,"href":"https:\/\/rna.ao\/rna.ao\/wp-json\/wp\/v2\/categories?post=77506"},{"taxonomy":"post_tag","embeddable":true,"href":"https:\/\/rna.ao\/rna.ao\/wp-json\/wp\/v2\/tags?post=77506"}],"curies":[{"name":"wp","href":"https:\/\/api.w.org\/{rel}","templated":true}]}}