{"id":76302,"date":"2022-09-12T07:21:33","date_gmt":"2022-09-12T06:21:33","guid":{"rendered":"https:\/\/rna.ao\/rna.ao\/?p=76302"},"modified":"2022-09-12T07:40:53","modified_gmt":"2022-09-12T06:40:53","slug":"comissao-permanente-da-an-prepara-recepcao-dos-novos-deputados-eleitos-e-abertura-da-quinta-legislatura","status":"publish","type":"post","link":"https:\/\/rna.ao\/rna.ao\/2022\/09\/12\/comissao-permanente-da-an-prepara-recepcao-dos-novos-deputados-eleitos-e-abertura-da-quinta-legislatura\/","title":{"rendered":"Comiss\u00e3o Permanente da AN prepara recep\u00e7\u00e3o dos novos Deputados eleitos e abertura da Quinta Legislatura"},"content":{"rendered":"<p><img loading=\"lazy\" class=\" wp-image-31108 aligncenter\" src=\"https:\/\/rna.ao\/rna.ao\/wp-content\/uploads\/2021\/07\/Assembleia-Nacional-Menos-Fios.jpg\" alt=\"\" width=\"799\" height=\"533\" \/>A Comiss\u00e3o permanente da Assembleia nacional re\u00fane hoje, 12 de setembro, para preparar o acto de recep\u00e7\u00e3o de novos deputados. O encontro vai apreciar a proposta do programa da reuni\u00e3o constitutiva, da quinta Legislatura da Assembleia Nacional. Ou\u00e7a no \u00e1udio abaixo, mais dados com o rep\u00f3rter Ant\u00f3nio Chocolate:<\/p>\n\t<div class=\"qtmplayer-playlist-large\">\n\t\t<ul class=\"qtmplayer-playlist\">\n\t\t\t\n\t\t\t\t\t<li class=\"qtmplayer-trackitem\">\n\t\t<img src=\"https:\/\/rna.ao\/rna.ao\/wp-content\/uploads\/2020\/11\/Assembleia-Nacional-1-100x100.jpg\" alt=\"cover\">\t\t<span \t\t\tdata-qtmplayer-cover=\"https:\/\/rna.ao\/rna.ao\/wp-content\/uploads\/2020\/11\/Assembleia-Nacional-1.jpg\"\n\t\t\t\t\t\tdata-qtmplayer-file=\"https:\/\/rna.ao\/rna.ao\/wp-content\/uploads\/2022\/09\/ANTONIO-CHOCOLATE-7-HRS-3.mp3\"\n\t\t\t\t\t\tdata-qtmplayer-title=\"Comiss\u00e3o Permanente da AN prepara recep\u00e7\u00e3o dos novos Deputados eleitos e abertura da Quinta Legislatura\"\n\t\t\t\t\t\tdata-qtmplayer-artist=\"RNA\"\n\t\t\t\t\t\tdata-qtmplayer-link=\"https:\/\/rna.ao\/rna.ao\/2022\/09\/12\/comissao-permanente-da-an-prepara-recepcao-dos-novos-deputados-eleitos-e-abertura-da-quinta-legislatura\/\"\n\t\t\t\t\t\tdata-qtmplayer-icon=\"file_download\"\n\t\t\t\t\t\tdata-qtmplayer-type=\"track\"\n\t\t\t class=\"qtmplayer-play qtmplayer-link-sec qtmplayer-play-btn\"><i class='material-icons'>play_arrow<\/i><\/span>\n\t\t<p>\n\t\t\t<span class=\"qtmplayer-tit\">Comiss\u00e3o Permanente da AN prepara recep\u00e7\u00e3o dos novos Deputados eleitos e abertura da Quinta Legislatura<\/span>\n\t\t\t<span class=\"qtmplayer-art\">RNA<\/span>\n\t\t<\/p>\n\t<\/li>\n\t\t<\/ul>\n\t<\/div>\t\t\t\n\t\n<p>Fonte: RNA<\/p>\n","protected":false},"excerpt":{"rendered":"<p>A Comiss\u00e3o permanente da Assembleia nacional re\u00fane hoje, 12 de setembro, para preparar o acto de recep\u00e7\u00e3o de novos deputados. O encontro vai apreciar a proposta do programa da reuni\u00e3o constitutiva, da quinta Legislatura da Assembleia Nacional. Ou\u00e7a no \u00e1udio abaixo, mais dados com o rep\u00f3rter Ant\u00f3nio Chocolate: Fonte: RNA<\/p>\n","protected":false},"author":8,"featured_media":11523,"comment_status":"closed","ping_status":"closed","sticky":false,"template":"","format":"standard","meta":[],"categories":[142,121,163],"tags":[],"_links":{"self":[{"href":"https:\/\/rna.ao\/rna.ao\/wp-json\/wp\/v2\/posts\/76302"}],"collection":[{"href":"https:\/\/rna.ao\/rna.ao\/wp-json\/wp\/v2\/posts"}],"about":[{"href":"https:\/\/rna.ao\/rna.ao\/wp-json\/wp\/v2\/types\/post"}],"author":[{"embeddable":true,"href":"https:\/\/rna.ao\/rna.ao\/wp-json\/wp\/v2\/users\/8"}],"replies":[{"embeddable":true,"href":"https:\/\/rna.ao\/rna.ao\/wp-json\/wp\/v2\/comments?post=76302"}],"version-history":[{"count":1,"href":"https:\/\/rna.ao\/rna.ao\/wp-json\/wp\/v2\/posts\/76302\/revisions"}],"predecessor-version":[{"id":76304,"href":"https:\/\/rna.ao\/rna.ao\/wp-json\/wp\/v2\/posts\/76302\/revisions\/76304"}],"wp:featuredmedia":[{"embeddable":true,"href":"https:\/\/rna.ao\/rna.ao\/wp-json\/wp\/v2\/media\/11523"}],"wp:attachment":[{"href":"https:\/\/rna.ao\/rna.ao\/wp-json\/wp\/v2\/media?parent=76302"}],"wp:term":[{"taxonomy":"category","embeddable":true,"href":"https:\/\/rna.ao\/rna.ao\/wp-json\/wp\/v2\/categories?post=76302"},{"taxonomy":"post_tag","embeddable":true,"href":"https:\/\/rna.ao\/rna.ao\/wp-json\/wp\/v2\/tags?post=76302"}],"curies":[{"name":"wp","href":"https:\/\/api.w.org\/{rel}","templated":true}]}}