{"id":69426,"date":"2022-07-12T10:27:57","date_gmt":"2022-07-12T09:27:57","guid":{"rendered":"https:\/\/rna.ao\/rna.ao\/?p=69426"},"modified":"2022-07-12T10:27:57","modified_gmt":"2022-07-12T09:27:57","slug":"airlines-cabo-verdiana-sem-licenca-para-voar-para-a-europa","status":"publish","type":"post","link":"https:\/\/rna.ao\/rna.ao\/2022\/07\/12\/airlines-cabo-verdiana-sem-licenca-para-voar-para-a-europa\/","title":{"rendered":"Airlines cabo-verdiana sem licen\u00e7a para voar para a Europa"},"content":{"rendered":"<p><img loading=\"lazy\" class=\"size-medium wp-image-69427 aligncenter\" src=\"https:\/\/rna.ao\/rna.ao\/wp-content\/uploads\/2022\/07\/31225607-770x433.jpg\" alt=\"\" width=\"770\" height=\"433\" srcset=\"https:\/\/rna.ao\/rna.ao\/wp-content\/uploads\/2022\/07\/31225607-770x433.jpg 770w, https:\/\/rna.ao\/rna.ao\/wp-content\/uploads\/2022\/07\/31225607-1170x658.jpg 1170w, https:\/\/rna.ao\/rna.ao\/wp-content\/uploads\/2022\/07\/31225607-768x432.jpg 768w, https:\/\/rna.ao\/rna.ao\/wp-content\/uploads\/2022\/07\/31225607-1536x864.jpg 1536w, https:\/\/rna.ao\/rna.ao\/wp-content\/uploads\/2022\/07\/31225607.jpg 1920w\" sizes=\"(max-width: 770px) 100vw, 770px\" \/>A Cabo Verde Airlines, que esteve tr\u00eas dias sem realizar voos, n\u00e3o tem licen\u00e7a v\u00e1lida para operar liga\u00e7\u00f5es para a Europa, mas pode faz\u00ea-las com avi\u00f5es de outras companhias, segundo a Ag\u00eancia Europeia para a Seguran\u00e7a da Avia\u00e7\u00e3o (AESA).<\/p>\n<p>A companhia a\u00e9rea de bandeira, renacionalizada h\u00e1 precisamente um ano devido \u00e0 pandemia de covid-19, esteve sem realizar voos comerciais de 07 a 09 de julho, alegando &#8220;motivos operacionais&#8221;. Os voos cancelados, segundo a companhia, foram repostos desde domingo, 10 de julho, mas sem qualquer outra explica\u00e7\u00e3o oficial sobre o caso.<\/p>\n<p>A Lusa contactou a administra\u00e7\u00e3o da Cabo Verde Airlines, nome comercial adotado pela Transportes A\u00e9reos de Cabo Verde (TACV), questionando sobre a situa\u00e7\u00e3o da licen\u00e7a TCO da companhia, que remeteu qualquer esclarecimento para mais tarde.<\/p>\n<p>&#8220;A EASA e o operador est\u00e3o a trabalhar de forma construtiva para resolver o problema, mas neste momento n\u00e3o podemos prever quando a autoriza\u00e7\u00e3o ser\u00e1 concedida&#8221;, descreveu, por usa vez, a mesma fonte do organismo europeu.<\/p>\n<p>Sem qualquer informa\u00e7\u00e3o oficial sobre o caso, o Partido Africano da Independ\u00eancia de Cabo Verde (PAICV, oposi\u00e7\u00e3o) j\u00e1 veio a p\u00fablico exigir explica\u00e7\u00f5es e responsabilidades sobre os preju\u00edzos provocados aos passageiros que viram os voos cancelados.<\/p>\n","protected":false},"excerpt":{"rendered":"<p>A Cabo Verde Airlines, que esteve tr\u00eas dias sem realizar voos, n\u00e3o tem licen\u00e7a v\u00e1lida para operar liga\u00e7\u00f5es para a Europa, mas pode faz\u00ea-las com avi\u00f5es de outras companhias, segundo a Ag\u00eancia Europeia para a Seguran\u00e7a da Avia\u00e7\u00e3o (AESA). A companhia a\u00e9rea de bandeira, renacionalizada h\u00e1 precisamente um ano devido ...<\/p>\n","protected":false},"author":8,"featured_media":69427,"comment_status":"closed","ping_status":"closed","sticky":false,"template":"","format":"standard","meta":[],"categories":[143,137],"tags":[],"_links":{"self":[{"href":"https:\/\/rna.ao\/rna.ao\/wp-json\/wp\/v2\/posts\/69426"}],"collection":[{"href":"https:\/\/rna.ao\/rna.ao\/wp-json\/wp\/v2\/posts"}],"about":[{"href":"https:\/\/rna.ao\/rna.ao\/wp-json\/wp\/v2\/types\/post"}],"author":[{"embeddable":true,"href":"https:\/\/rna.ao\/rna.ao\/wp-json\/wp\/v2\/users\/8"}],"replies":[{"embeddable":true,"href":"https:\/\/rna.ao\/rna.ao\/wp-json\/wp\/v2\/comments?post=69426"}],"version-history":[{"count":1,"href":"https:\/\/rna.ao\/rna.ao\/wp-json\/wp\/v2\/posts\/69426\/revisions"}],"predecessor-version":[{"id":69428,"href":"https:\/\/rna.ao\/rna.ao\/wp-json\/wp\/v2\/posts\/69426\/revisions\/69428"}],"wp:featuredmedia":[{"embeddable":true,"href":"https:\/\/rna.ao\/rna.ao\/wp-json\/wp\/v2\/media\/69427"}],"wp:attachment":[{"href":"https:\/\/rna.ao\/rna.ao\/wp-json\/wp\/v2\/media?parent=69426"}],"wp:term":[{"taxonomy":"category","embeddable":true,"href":"https:\/\/rna.ao\/rna.ao\/wp-json\/wp\/v2\/categories?post=69426"},{"taxonomy":"post_tag","embeddable":true,"href":"https:\/\/rna.ao\/rna.ao\/wp-json\/wp\/v2\/tags?post=69426"}],"curies":[{"name":"wp","href":"https:\/\/api.w.org\/{rel}","templated":true}]}}