{"id":67718,"date":"2022-06-28T06:24:33","date_gmt":"2022-06-28T05:24:33","guid":{"rendered":"https:\/\/rna.ao\/rna.ao\/?p=67718"},"modified":"2022-06-29T16:33:34","modified_gmt":"2022-06-29T15:33:34","slug":"avaliacao-dos-peritos-do-gafi-a-angola-nao-sera-negativa-defende-responsavel-da-uif","status":"publish","type":"post","link":"https:\/\/rna.ao\/rna.ao\/2022\/06\/28\/avaliacao-dos-peritos-do-gafi-a-angola-nao-sera-negativa-defende-responsavel-da-uif\/","title":{"rendered":"Avalia\u00e7\u00e3o dos peritos do GAFI \u00e0 Angola n\u00e3o ser\u00e1 negativa &#8211; defende respons\u00e1vel da UIF"},"content":{"rendered":"<p><img loading=\"lazy\" class=\"size-full wp-image-67722 alignleft\" src=\"https:\/\/rna.ao\/rna.ao\/wp-content\/uploads\/2022\/06\/Gilberto-Capeca.jpg\" alt=\"\" width=\"278\" height=\"231\" \/>O Director da Unidade de Informa\u00e7\u00e3o Financeira, Gilberto Cape\u00e7a (na foto), descarta a hip\u00f3tese de uma avalia\u00e7\u00e3o negativa, pelo Grupo de Ac\u00e7\u00e3o Financeira Internacional (GAFI). Gilberto Cape\u00e7a real\u00e7a que os peritos do GAFI v\u00e3o avaliar, at\u00e9 ao dia 15 de Julho, os n\u00edveis de transpar\u00eancia, combate ao branqueamento de capitais, financiamento ao terrorismo e da prolifera\u00e7\u00e3o de armas de destrui\u00e7\u00e3o em massa. O respons\u00e1vel diz que, o objectivo \u00e9 aumentar a credibilidade do pa\u00eds a n\u00edvel internacional. Clique no \u00e1udio e ou\u00e7a:<\/p>\n\t<div class=\"qtmplayer-playlist-large\">\n\t\t<ul class=\"qtmplayer-playlist\">\n\t\t\t\n\t\t\t\t\t<li class=\"qtmplayer-trackitem\">\n\t\t<img src=\"https:\/\/rna.ao\/rna.ao\/wp-content\/uploads\/2022\/06\/Gilberto-Capeca-100x100.jpg\" alt=\"cover\">\t\t<span \t\t\tdata-qtmplayer-cover=\"https:\/\/rna.ao\/rna.ao\/wp-content\/uploads\/2022\/06\/Gilberto-Capeca.jpg\"\n\t\t\t\t\t\tdata-qtmplayer-file=\"https:\/\/rna.ao\/rna.ao\/wp-content\/uploads\/2022\/06\/GILBERTO-CAPECA-06HRS.mp3\"\n\t\t\t\t\t\tdata-qtmplayer-title=\"Avalia\u00e7\u00e3o dos peritos do GAFI \u00e0 Angola n\u00e3o ser\u00e1 negativa &#8211; defende respons\u00e1vel da UIF\"\n\t\t\t\t\t\tdata-qtmplayer-artist=\"RNA\"\n\t\t\t\t\t\tdata-qtmplayer-link=\"https:\/\/rna.ao\/rna.ao\/2022\/06\/28\/avaliacao-dos-peritos-do-gafi-a-angola-nao-sera-negativa-defende-responsavel-da-uif\/\"\n\t\t\t\t\t\tdata-qtmplayer-icon=\"file_download\"\n\t\t\t\t\t\tdata-qtmplayer-type=\"track\"\n\t\t\t class=\"qtmplayer-play qtmplayer-link-sec qtmplayer-play-btn\"><i class='material-icons'>play_arrow<\/i><\/span>\n\t\t<p>\n\t\t\t<span class=\"qtmplayer-tit\">Avalia\u00e7\u00e3o dos peritos do GAFI \u00e0 Angola n\u00e3o ser\u00e1 negativa &#8211; defende respons\u00e1vel da UIF<\/span>\n\t\t\t<span class=\"qtmplayer-art\">RNA<\/span>\n\t\t<\/p>\n\t<\/li>\n\t\t<\/ul>\n\t<\/div>\t\t\t\n\t\n<p>Fonte: RNA<\/p>\n","protected":false},"excerpt":{"rendered":"<p>O Director da Unidade de Informa\u00e7\u00e3o Financeira, Gilberto Cape\u00e7a (na foto), descarta a hip\u00f3tese de uma avalia\u00e7\u00e3o negativa, pelo Grupo de Ac\u00e7\u00e3o Financeira Internacional (GAFI). Gilberto Cape\u00e7a real\u00e7a que os peritos do GAFI v\u00e3o avaliar, at\u00e9 ao dia 15 de Julho, os n\u00edveis de transpar\u00eancia, combate ao branqueamento de capitais, ...<\/p>\n","protected":false},"author":8,"featured_media":67722,"comment_status":"closed","ping_status":"closed","sticky":false,"template":"","format":"standard","meta":[],"categories":[142,121,163],"tags":[],"_links":{"self":[{"href":"https:\/\/rna.ao\/rna.ao\/wp-json\/wp\/v2\/posts\/67718"}],"collection":[{"href":"https:\/\/rna.ao\/rna.ao\/wp-json\/wp\/v2\/posts"}],"about":[{"href":"https:\/\/rna.ao\/rna.ao\/wp-json\/wp\/v2\/types\/post"}],"author":[{"embeddable":true,"href":"https:\/\/rna.ao\/rna.ao\/wp-json\/wp\/v2\/users\/8"}],"replies":[{"embeddable":true,"href":"https:\/\/rna.ao\/rna.ao\/wp-json\/wp\/v2\/comments?post=67718"}],"version-history":[{"count":1,"href":"https:\/\/rna.ao\/rna.ao\/wp-json\/wp\/v2\/posts\/67718\/revisions"}],"predecessor-version":[{"id":67723,"href":"https:\/\/rna.ao\/rna.ao\/wp-json\/wp\/v2\/posts\/67718\/revisions\/67723"}],"wp:featuredmedia":[{"embeddable":true,"href":"https:\/\/rna.ao\/rna.ao\/wp-json\/wp\/v2\/media\/67722"}],"wp:attachment":[{"href":"https:\/\/rna.ao\/rna.ao\/wp-json\/wp\/v2\/media?parent=67718"}],"wp:term":[{"taxonomy":"category","embeddable":true,"href":"https:\/\/rna.ao\/rna.ao\/wp-json\/wp\/v2\/categories?post=67718"},{"taxonomy":"post_tag","embeddable":true,"href":"https:\/\/rna.ao\/rna.ao\/wp-json\/wp\/v2\/tags?post=67718"}],"curies":[{"name":"wp","href":"https:\/\/api.w.org\/{rel}","templated":true}]}}